{"id":807,"date":"2016-01-27T01:19:18","date_gmt":"2016-01-27T01:19:18","guid":{"rendered":"http:\/\/apsredes.org\/site2013\/gestao-trabalho\/?p=807"},"modified":"2017-04-10T13:09:22","modified_gmt":"2017-04-10T13:09:22","slug":"politica-de-desprecarizacao-dos-vinculos-de-trabalho-de-agentes-comunitarios-de-saude-acs-do-estado-da-bahia","status":"publish","type":"post","link":"http:\/\/apsredes.org\/laboratorio\/gestao-trabalho\/politica-de-desprecarizacao-dos-vinculos-de-trabalho-de-agentes-comunitarios-de-saude-acs-do-estado-da-bahia\/","title":{"rendered":"Pol\u00edtica de desprecariza\u00e7\u00e3o dos v\u00ednculos de trabalho de Agentes Comunit\u00e1rios de Sa\u00fade (ACS) do Estado da Bahia"},"content":{"rendered":"<br \/><ul id='sp-sharer-807' class='sp-sharer sp-sharer-default' data-id='807'><li><span class='share-title'>Share Post<\/span><\/li><li><a id='spsharer-twitter-807' class='spsharer spsharer-twitter' title='Share on Twitter' href='http:\/\/twitter.com\/intent\/tweet?text=Pol%C3%ADtica+de+desprecariza%C3%A7%C3%A3o+dos+v%C3%ADnculos+de+trabalho+de+Agentes+Comunit%C3%A1rios+de+Sa%C3%BAde+%28ACS%29+do+Estado+da+Bahia+http%3A%2F%2Fapsredes.org%2Flaboratorio%2Fgestao-trabalho%2Fpolitica-de-desprecarizacao-dos-vinculos-de-trabalho-de-agentes-comunitarios-de-saude-acs-do-estado-da-bahia%2F' rel='nofollow'><span>Twitter<\/span><\/a><\/li><li><a id='spsharer-facebook-807' class='spsharer spsharer-facebook' title='Share on Facebook' href='https:\/\/www.facebook.com\/sharer.php?u=http%3A%2F%2Fapsredes.org%2Flaboratorio%2Fgestao-trabalho%2Fpolitica-de-desprecarizacao-dos-vinculos-de-trabalho-de-agentes-comunitarios-de-saude-acs-do-estado-da-bahia%2F&t=Pol%C3%ADtica+de+desprecariza%C3%A7%C3%A3o+dos+v%C3%ADnculos+de+trabalho+de+Agentes+Comunit%C3%A1rios+de+Sa%C3%BAde+%28ACS%29+do+Estado+da+Bahia' rel='nofollow'><span>Facebook<\/span><\/a><\/li><li><a id='spsharer-google-807' class='spsharer spsharer-google' title='Share on Google+' href='https:\/\/plus.google.com\/share?url=http%3A%2F%2Fapsredes.org%2Flaboratorio%2Fgestao-trabalho%2Fpolitica-de-desprecarizacao-dos-vinculos-de-trabalho-de-agentes-comunitarios-de-saude-acs-do-estado-da-bahia%2F' rel='nofollow'><span>Google +1<\/span><\/a><\/li><li><a id='spsharer-mail-807' class='spsharer-email' title='Share by email to a friend' href='http:\/\/apsredes.org\/laboratorio\/gestao-trabalho\/politica-de-desprecarizacao-dos-vinculos-de-trabalho-de-agentes-comunitarios-de-saude-acs-do-estado-da-bahia\/' rel='nofollow'><span>Email<\/span><span class='count'><\/span><\/a><\/li><\/ul>","protected":false},"excerpt":{"rendered":"<p>A Pol\u00edtica de Desprecariza\u00e7\u00e3o dos V\u00ednculos de Trabalho de ACS tem como princ\u00edpios, al\u00e9m da amplia\u00e7\u00e3o do conceito de sa\u00fade, a mudan\u00e7a do modelo de aten\u00e7\u00e3o \u00e0 sa\u00fade, bem como a promo\u00e7\u00e3o de uma rela\u00e7\u00e3o privilegiada das equipes de sa\u00fade com as comunidades.<\/p>\n","protected":false},"author":1,"featured_media":828,"comment_status":"open","ping_status":"open","sticky":false,"template":"","format":"standard","meta":{"_monsterinsights_skip_tracking":false,"_monsterinsights_sitenote_active":false,"_monsterinsights_sitenote_note":"","_monsterinsights_sitenote_category":0},"categories":[11,27],"tags":[],"acf":[],"_links":{"self":[{"href":"http:\/\/apsredes.org\/laboratorio\/gestao-trabalho\/wp-json\/wp\/v2\/posts\/807"}],"collection":[{"href":"http:\/\/apsredes.org\/laboratorio\/gestao-trabalho\/wp-json\/wp\/v2\/posts"}],"about":[{"href":"http:\/\/apsredes.org\/laboratorio\/gestao-trabalho\/wp-json\/wp\/v2\/types\/post"}],"author":[{"embeddable":true,"href":"http:\/\/apsredes.org\/laboratorio\/gestao-trabalho\/wp-json\/wp\/v2\/users\/1"}],"replies":[{"embeddable":true,"href":"http:\/\/apsredes.org\/laboratorio\/gestao-trabalho\/wp-json\/wp\/v2\/comments?post=807"}],"version-history":[{"count":2,"href":"http:\/\/apsredes.org\/laboratorio\/gestao-trabalho\/wp-json\/wp\/v2\/posts\/807\/revisions"}],"predecessor-version":[{"id":892,"href":"http:\/\/apsredes.org\/laboratorio\/gestao-trabalho\/wp-json\/wp\/v2\/posts\/807\/revisions\/892"}],"wp:featuredmedia":[{"embeddable":true,"href":"http:\/\/apsredes.org\/laboratorio\/gestao-trabalho\/wp-json\/wp\/v2\/media\/828"}],"wp:attachment":[{"href":"http:\/\/apsredes.org\/laboratorio\/gestao-trabalho\/wp-json\/wp\/v2\/media?parent=807"}],"wp:term":[{"taxonomy":"category","embeddable":true,"href":"http:\/\/apsredes.org\/laboratorio\/gestao-trabalho\/wp-json\/wp\/v2\/categories?post=807"},{"taxonomy":"post_tag","embeddable":true,"href":"http:\/\/apsredes.org\/laboratorio\/gestao-trabalho\/wp-json\/wp\/v2\/tags?post=807"}],"curies":[{"name":"wp","href":"https:\/\/api.w.org\/{rel}","templated":true}]}}