{"id":774,"date":"2015-06-25T17:51:35","date_gmt":"2015-06-25T17:51:35","guid":{"rendered":"http:\/\/apsredes.org\/site2013\/gestao-trabalho\/?p=774"},"modified":"2016-01-28T14:22:18","modified_gmt":"2016-01-28T14:22:18","slug":"angelo-dagostini","status":"publish","type":"post","link":"http:\/\/apsredes.org\/laboratorio\/gestao-trabalho\/angelo-dagostini\/","title":{"rendered":"Angelo D&#8217;Agostini, novo  Diretor do DEGERTS, recebe a equipe do Laborat\u00f3rio de Inova\u00e7\u00e3o"},"content":{"rendered":"<p>&nbsp;<\/p>\n<p><img loading=\"lazy\" class=\"alignleft size-full wp-image-775\" src=\"http:\/\/apsredes.org\/site2013\/gestao-trabalho\/files\/2015\/06\/banner-degerts.jpg\" alt=\"banner-degerts\" width=\"1104\" height=\"520\" srcset=\"http:\/\/apsredes.org\/laboratorio\/gestao-trabalho\/wp-content\/uploads\/2015\/06\/banner-degerts.jpg 1104w, http:\/\/apsredes.org\/laboratorio\/gestao-trabalho\/wp-content\/uploads\/2015\/06\/banner-degerts-430x202.jpg 430w, http:\/\/apsredes.org\/laboratorio\/gestao-trabalho\/wp-content\/uploads\/2015\/06\/banner-degerts-644x303.jpg 644w, http:\/\/apsredes.org\/laboratorio\/gestao-trabalho\/wp-content\/uploads\/2015\/06\/banner-degerts-1000x471.jpg 1000w, http:\/\/apsredes.org\/laboratorio\/gestao-trabalho\/wp-content\/uploads\/2015\/06\/banner-degerts-600x282.jpg 600w\" sizes=\"(max-width: 1104px) 100vw, 1104px\" \/><\/p>\n<p>&nbsp;<\/p>\n<p>Angelo D&#8217;Agostini Junior, novo\u00a0\u00a0Diretor do\u00a0<a title=\"DEGERTS\" href=\"http:\/\/portalsaude.saude.gov.br\/index.php?option=com_content&amp;view=article&amp;id=9289&amp;Itemid=475\" target=\"_blank\">Departamento de Gest\u00e3o e da Regula\u00e7\u00e3o do Trabalho em Sa\u00fade (DEGERTS\/SGTES\/MS)<\/a>,\u00a0recebe a equipe do Laborat\u00f3rio de Inova\u00e7\u00e3o na Gest\u00e3o do Trabalho.<\/p>\n<br \/><ul id='sp-sharer-774' class='sp-sharer sp-sharer-default' data-id='774'><li><span class='share-title'>Share Post<\/span><\/li><li><a id='spsharer-twitter-774' class='spsharer spsharer-twitter' title='Share on Twitter' href='http:\/\/twitter.com\/intent\/tweet?text=Angelo+D%27Agostini%2C+novo++Diretor+do+DEGERTS%2C+recebe+a+equipe+do+Laborat%C3%B3rio+de+Inova%C3%A7%C3%A3o+http%3A%2F%2Fapsredes.org%2Flaboratorio%2Fgestao-trabalho%2Fangelo-dagostini%2F' rel='nofollow'><span>Twitter<\/span><\/a><\/li><li><a id='spsharer-facebook-774' class='spsharer spsharer-facebook' title='Share on Facebook' href='https:\/\/www.facebook.com\/sharer.php?u=http%3A%2F%2Fapsredes.org%2Flaboratorio%2Fgestao-trabalho%2Fangelo-dagostini%2F&t=Angelo+D%27Agostini%2C+novo++Diretor+do+DEGERTS%2C+recebe+a+equipe+do+Laborat%C3%B3rio+de+Inova%C3%A7%C3%A3o' rel='nofollow'><span>Facebook<\/span><\/a><\/li><li><a id='spsharer-google-774' class='spsharer spsharer-google' title='Share on Google+' href='https:\/\/plus.google.com\/share?url=http%3A%2F%2Fapsredes.org%2Flaboratorio%2Fgestao-trabalho%2Fangelo-dagostini%2F' rel='nofollow'><span>Google +1<\/span><\/a><\/li><li><a id='spsharer-mail-774' class='spsharer-email' title='Share by email to a friend' href='http:\/\/apsredes.org\/laboratorio\/gestao-trabalho\/angelo-dagostini\/' rel='nofollow'><span>Email<\/span><span class='count'><\/span><\/a><\/li><\/ul>","protected":false},"excerpt":{"rendered":"<p>&nbsp; &nbsp; Angelo D&#8217;Agostini Junior, novo\u00a0\u00a0Diretor do\u00a0Departamento de Gest\u00e3o e da Regula\u00e7\u00e3o do Trabalho em Sa\u00fade (DEGERTS\/SGTES\/MS),\u00a0recebe a equipe do Laborat\u00f3rio de Inova\u00e7\u00e3o na Gest\u00e3o do Trabalho. Share PostTwitterFacebookGoogle +1Email<\/p>\n","protected":false},"author":1,"featured_media":775,"comment_status":"open","ping_status":"open","sticky":false,"template":"","format":"standard","meta":{"_monsterinsights_skip_tracking":false,"_monsterinsights_sitenote_active":false,"_monsterinsights_sitenote_note":"","_monsterinsights_sitenote_category":0},"categories":[4],"tags":[],"acf":[],"_links":{"self":[{"href":"http:\/\/apsredes.org\/laboratorio\/gestao-trabalho\/wp-json\/wp\/v2\/posts\/774"}],"collection":[{"href":"http:\/\/apsredes.org\/laboratorio\/gestao-trabalho\/wp-json\/wp\/v2\/posts"}],"about":[{"href":"http:\/\/apsredes.org\/laboratorio\/gestao-trabalho\/wp-json\/wp\/v2\/types\/post"}],"author":[{"embeddable":true,"href":"http:\/\/apsredes.org\/laboratorio\/gestao-trabalho\/wp-json\/wp\/v2\/users\/1"}],"replies":[{"embeddable":true,"href":"http:\/\/apsredes.org\/laboratorio\/gestao-trabalho\/wp-json\/wp\/v2\/comments?post=774"}],"version-history":[{"count":2,"href":"http:\/\/apsredes.org\/laboratorio\/gestao-trabalho\/wp-json\/wp\/v2\/posts\/774\/revisions"}],"predecessor-version":[{"id":777,"href":"http:\/\/apsredes.org\/laboratorio\/gestao-trabalho\/wp-json\/wp\/v2\/posts\/774\/revisions\/777"}],"wp:featuredmedia":[{"embeddable":true,"href":"http:\/\/apsredes.org\/laboratorio\/gestao-trabalho\/wp-json\/wp\/v2\/media\/775"}],"wp:attachment":[{"href":"http:\/\/apsredes.org\/laboratorio\/gestao-trabalho\/wp-json\/wp\/v2\/media?parent=774"}],"wp:term":[{"taxonomy":"category","embeddable":true,"href":"http:\/\/apsredes.org\/laboratorio\/gestao-trabalho\/wp-json\/wp\/v2\/categories?post=774"},{"taxonomy":"post_tag","embeddable":true,"href":"http:\/\/apsredes.org\/laboratorio\/gestao-trabalho\/wp-json\/wp\/v2\/tags?post=774"}],"curies":[{"name":"wp","href":"https:\/\/api.w.org\/{rel}","templated":true}]}}