{"id":718,"date":"2014-11-18T20:00:19","date_gmt":"2014-11-18T20:00:19","guid":{"rendered":"http:\/\/apsredes.org\/site2013\/gestao-trabalho\/?p=718"},"modified":"2015-06-25T17:59:02","modified_gmt":"2015-06-25T17:59:02","slug":"diretora-do-degerts-eliana-pontes-de-mendonca-debate-caminhos-para-o-laboratorio-de-inovacao-em-gestao-do-trabalho-na-saude-junto-a-sua-equipe","status":"publish","type":"post","link":"http:\/\/apsredes.org\/laboratorio\/gestao-trabalho\/diretora-do-degerts-eliana-pontes-de-mendonca-debate-caminhos-para-o-laboratorio-de-inovacao-em-gestao-do-trabalho-na-saude-junto-a-sua-equipe\/","title":{"rendered":"Diretora do DEGERTS, Eliana Pontes de Mendon\u00e7a, debate caminhos para o Laborat\u00f3rio"},"content":{"rendered":"<p><img loading=\"lazy\" class=\"alignnone size-large wp-image-719\" src=\"http:\/\/apsredes.org\/site2013\/gestao-trabalho\/files\/2014\/11\/diretora-eliana-1000x455.jpg\" alt=\"diretora-eliana\" width=\"1000\" height=\"455\" srcset=\"http:\/\/apsredes.org\/laboratorio\/gestao-trabalho\/wp-content\/uploads\/2014\/11\/diretora-eliana-1000x455.jpg 1000w, http:\/\/apsredes.org\/laboratorio\/gestao-trabalho\/wp-content\/uploads\/2014\/11\/diretora-eliana-644x293.jpg 644w, http:\/\/apsredes.org\/laboratorio\/gestao-trabalho\/wp-content\/uploads\/2014\/11\/diretora-eliana-600x273.jpg 600w, http:\/\/apsredes.org\/laboratorio\/gestao-trabalho\/wp-content\/uploads\/2014\/11\/diretora-eliana.jpg 1479w\" sizes=\"(max-width: 1000px) 100vw, 1000px\" \/><\/p>\n<p>Eliana Pontes de Mendon\u00e7a recebe equipe do Laborat\u00f3rio de Inova\u00e7\u00e3o para uma primeira an\u00e1lise das visitas t\u00e9cnicas realizadas \u00e0s experi\u00eancias selecionadas para aprofundamento inovadoras em gest\u00e3o do trabalho.<\/p>\n<p>O objetivo das visitas, que est\u00e3o sendo realizadas desde agosto, \u00e9 conhecer melhor as pr\u00e1ticas desenvolvidas pelas experi\u00eancias, avaliar seus principais pontos de inova\u00e7\u00e3o e aprofundar o conhecimento sobre o trabalho cotidiano, bem como analisar as debilidades e for\u00e7as dos processos, desafios encontrados e as li\u00e7\u00f5es aprendidas.<\/p>\n<p>Os resultados das an\u00e1lises ser\u00e3o divulgados nesta p\u00e1gina em janeiro de 2015.<\/p>\n<p>Assista a entrevista que a diretora do DEGERTS concede ao Laborat\u00f3rio de Inova\u00e7\u00e3o, falando sobre os desafios na gest\u00e3o do trabalho <a href=\"http:\/\/apsredes.org\/site2013\/gestao-trabalho\/degerts-eliana-pontes-de-mendonca\/\">clicando aqui<\/a>.<\/p>\n<br \/><ul id='sp-sharer-718' class='sp-sharer sp-sharer-default' data-id='718'><li><span class='share-title'>Share Post<\/span><\/li><li><a id='spsharer-twitter-718' class='spsharer spsharer-twitter' title='Share on Twitter' href='http:\/\/twitter.com\/intent\/tweet?text=Diretora+do+DEGERTS%2C+Eliana+Pontes+de+Mendon%C3%A7a%2C+debate+caminhos+para+o+Laborat%C3%B3rio+http%3A%2F%2Fapsredes.org%2Flaboratorio%2Fgestao-trabalho%2Fdiretora-do-degerts-eliana-pontes-de-mendonca-debate-caminhos-para-o-laboratorio-de-inovacao-em-gestao-do-trabalho-na-saude-junto-a-sua-equipe%2F' rel='nofollow'><span>Twitter<\/span><\/a><\/li><li><a id='spsharer-facebook-718' class='spsharer spsharer-facebook' title='Share on Facebook' href='https:\/\/www.facebook.com\/sharer.php?u=http%3A%2F%2Fapsredes.org%2Flaboratorio%2Fgestao-trabalho%2Fdiretora-do-degerts-eliana-pontes-de-mendonca-debate-caminhos-para-o-laboratorio-de-inovacao-em-gestao-do-trabalho-na-saude-junto-a-sua-equipe%2F&t=Diretora+do+DEGERTS%2C+Eliana+Pontes+de+Mendon%C3%A7a%2C+debate+caminhos+para+o+Laborat%C3%B3rio' rel='nofollow'><span>Facebook<\/span><\/a><\/li><li><a id='spsharer-google-718' class='spsharer spsharer-google' title='Share on Google+' href='https:\/\/plus.google.com\/share?url=http%3A%2F%2Fapsredes.org%2Flaboratorio%2Fgestao-trabalho%2Fdiretora-do-degerts-eliana-pontes-de-mendonca-debate-caminhos-para-o-laboratorio-de-inovacao-em-gestao-do-trabalho-na-saude-junto-a-sua-equipe%2F' rel='nofollow'><span>Google +1<\/span><\/a><\/li><li><a id='spsharer-mail-718' class='spsharer-email' title='Share by email to a friend' href='http:\/\/apsredes.org\/laboratorio\/gestao-trabalho\/diretora-do-degerts-eliana-pontes-de-mendonca-debate-caminhos-para-o-laboratorio-de-inovacao-em-gestao-do-trabalho-na-saude-junto-a-sua-equipe\/' rel='nofollow'><span>Email<\/span><span class='count'><\/span><\/a><\/li><\/ul>","protected":false},"excerpt":{"rendered":"<p>Eliana Pontes de Mendon\u00e7a recebe equipe do Laborat\u00f3rio de Inova\u00e7\u00e3o para uma primeira an\u00e1lise das visitas t\u00e9cnicas realizadas \u00e0s experi\u00eancias selecionadas para aprofundamento inovadoras em gest\u00e3o do trabalho. O objetivo das visitas, que est\u00e3o sendo realizadas desde agosto, \u00e9 conhecer melhor as pr\u00e1ticas desenvolvidas pelas experi\u00eancias, avaliar seus principais pontos de inova\u00e7\u00e3o e aprofundar o &hellip; <a href=\"http:\/\/apsredes.org\/laboratorio\/gestao-trabalho\/diretora-do-degerts-eliana-pontes-de-mendonca-debate-caminhos-para-o-laboratorio-de-inovacao-em-gestao-do-trabalho-na-saude-junto-a-sua-equipe\/\">continuar<\/a><\/p>\n","protected":false},"author":1,"featured_media":719,"comment_status":"open","ping_status":"open","sticky":false,"template":"","format":"standard","meta":{"_monsterinsights_skip_tracking":false,"_monsterinsights_sitenote_active":false,"_monsterinsights_sitenote_note":"","_monsterinsights_sitenote_category":0},"categories":[1],"tags":[],"acf":[],"_links":{"self":[{"href":"http:\/\/apsredes.org\/laboratorio\/gestao-trabalho\/wp-json\/wp\/v2\/posts\/718"}],"collection":[{"href":"http:\/\/apsredes.org\/laboratorio\/gestao-trabalho\/wp-json\/wp\/v2\/posts"}],"about":[{"href":"http:\/\/apsredes.org\/laboratorio\/gestao-trabalho\/wp-json\/wp\/v2\/types\/post"}],"author":[{"embeddable":true,"href":"http:\/\/apsredes.org\/laboratorio\/gestao-trabalho\/wp-json\/wp\/v2\/users\/1"}],"replies":[{"embeddable":true,"href":"http:\/\/apsredes.org\/laboratorio\/gestao-trabalho\/wp-json\/wp\/v2\/comments?post=718"}],"version-history":[{"count":2,"href":"http:\/\/apsredes.org\/laboratorio\/gestao-trabalho\/wp-json\/wp\/v2\/posts\/718\/revisions"}],"predecessor-version":[{"id":760,"href":"http:\/\/apsredes.org\/laboratorio\/gestao-trabalho\/wp-json\/wp\/v2\/posts\/718\/revisions\/760"}],"wp:featuredmedia":[{"embeddable":true,"href":"http:\/\/apsredes.org\/laboratorio\/gestao-trabalho\/wp-json\/wp\/v2\/media\/719"}],"wp:attachment":[{"href":"http:\/\/apsredes.org\/laboratorio\/gestao-trabalho\/wp-json\/wp\/v2\/media?parent=718"}],"wp:term":[{"taxonomy":"category","embeddable":true,"href":"http:\/\/apsredes.org\/laboratorio\/gestao-trabalho\/wp-json\/wp\/v2\/categories?post=718"},{"taxonomy":"post_tag","embeddable":true,"href":"http:\/\/apsredes.org\/laboratorio\/gestao-trabalho\/wp-json\/wp\/v2\/tags?post=718"}],"curies":[{"name":"wp","href":"https:\/\/api.w.org\/{rel}","templated":true}]}}