{"id":692,"date":"2014-11-18T17:28:18","date_gmt":"2014-11-18T17:28:18","guid":{"rendered":"http:\/\/apsredes.org\/site2013\/gestao-trabalho\/?p=692"},"modified":"2015-06-25T18:55:37","modified_gmt":"2015-06-25T18:55:37","slug":"ii-encontro-nacional-das-mesas-de-negociacao-permanente-do-sus","status":"publish","type":"post","link":"http:\/\/apsredes.org\/laboratorio\/gestao-trabalho\/ii-encontro-nacional-das-mesas-de-negociacao-permanente-do-sus\/","title":{"rendered":"II Encontro Nacional das Mesas de Negocia\u00e7\u00e3o Permanente do SUS"},"content":{"rendered":"<p>Bras\u00edlia foi\u00a0palco do II Encontro Nacional das Mesas de Negocia\u00e7\u00e3o Permanente do SUS que se reuniram nos dias 19, 20 e 21 de novembro de 2014 no Hotel Carton.<\/p>\n<p><strong>O primeiro dia<\/strong>\u00a0foi dedicado \u00e0 realiza\u00e7\u00e3o de oficinas tem\u00e1ticas que teve\u00a0como objetivo aprofundar o debate sobre temas relacionados \u00e0 Gest\u00e3o do Trabalho e Negocia\u00e7\u00e3o Coletiva no SUS com os seguintes temas:<\/p>\n<p>&#8211; As dimens\u00f5es de g\u00eanero e ra\u00e7a e suas implica\u00e7\u00f5es nas rela\u00e7\u00f5es e na gest\u00e3o do trabalho na sa\u00fade.<\/p>\n<p>&#8211; As contribui\u00e7\u00f5es do Programa de Melhoria do Acesso e da Qualidade da Aten\u00e7\u00e3o B\u00e1sica (PMAQ) na Gest\u00e3o do Trabalho na Sa\u00fade.<\/p>\n<p>&#8211; Plano de Carreira, Cargos e Sal\u00e1rios: Um caminho para a desprecariza\u00e7\u00e3o do Trabalho no SUS<\/p>\n<p>&#8211; Avan\u00e7os e desafios na implementa\u00e7\u00e3o das Diretrizes da Pol\u00edtica Nacional de Promo\u00e7\u00e3o da sa\u00fade do trabalhador e da trabalhadora do SUS (Protocolo 008 da MNNP-SUS).<\/p>\n<p>&#8211; A Regula\u00e7\u00e3o do Trabalho em Sa\u00fade<\/p>\n<p>&#8211; Avalia\u00e7\u00e3o de Desempenho no SUS: Perspectivas e Desafios<\/p>\n<p>&#8211; A negocia\u00e7\u00e3o coletiva no Setor P\u00fablico: perspectivas dos trabalhadores do SUS sobre a Conven\u00e7\u00e3o n\u00b0151 da OIT.<\/p>\n<p><strong>O segundo dia<\/strong>\u00a0contou com a Cerim\u00f4nia de Abertura, seguida de uma exposi\u00e7\u00e3o sobre Gest\u00e3o do Trabalho e Negocia\u00e7\u00e3o Coletiva no SUS\u00a0\u2013 Atua\u00e7\u00e3o da Mesa Nacional de Negocia\u00e7\u00e3o Permanente do SUS, bem como de uma apresenta\u00e7\u00e3o sobre a Proposta da Agenda Nacional de Trabalho Decente para os Trabalhadores e Trabalhadoras do SUS.<\/p>\n<p>Ainda no segundo dia houve\u00a0um painel de Experi\u00eancias sobre Negocia\u00e7\u00e3o Coletiva na Sa\u00fade\u00a0&#8211; Perfil das Mesas de Negocia\u00e7\u00e3o do SUS e Protagonismo das esferas Estadual, Municipal e da Mesa Setorial do MS, e ainda uma mesa sobre Modelos de Gest\u00e3o e Financiamento do Sistema de Sa\u00fade: desafios e perspectivas.<\/p>\n<p><strong>O terceiro dia<\/strong>\u00a0contou com uma sess\u00e3o Plen\u00e1ria onde a s\u00edntese dos trabalhos em grupo ser\u00e3o apresentados.<\/p>\n<p>Acesse a programa\u00e7\u00e3o detalhada\u00a0<a href=\"http:\/\/apsredes.org\/site2013\/gestao-trabalho\/files\/2014\/11\/PROGRAMA%C3%87%C3%83O_mesas.pdf\" target=\"_blank\">clicando aqui<\/a>.<\/p>\n<p><img loading=\"lazy\" class=\"alignnone size-large wp-image-693\" src=\"http:\/\/apsredes.org\/site2013\/gestao-trabalho\/files\/2014\/11\/logo-mesas-1000x88.jpg\" alt=\"logo-mesas\" width=\"1000\" height=\"88\" srcset=\"http:\/\/apsredes.org\/laboratorio\/gestao-trabalho\/wp-content\/uploads\/2014\/11\/logo-mesas-1000x88.jpg 1000w, http:\/\/apsredes.org\/laboratorio\/gestao-trabalho\/wp-content\/uploads\/2014\/11\/logo-mesas-644x57.jpg 644w, http:\/\/apsredes.org\/laboratorio\/gestao-trabalho\/wp-content\/uploads\/2014\/11\/logo-mesas-600x53.jpg 600w, http:\/\/apsredes.org\/laboratorio\/gestao-trabalho\/wp-content\/uploads\/2014\/11\/logo-mesas.jpg 1479w\" sizes=\"(max-width: 1000px) 100vw, 1000px\" \/><\/p>\n<br \/><ul id='sp-sharer-692' class='sp-sharer sp-sharer-default' data-id='692'><li><span class='share-title'>Share Post<\/span><\/li><li><a id='spsharer-twitter-692' class='spsharer spsharer-twitter' title='Share on Twitter' href='http:\/\/twitter.com\/intent\/tweet?text=II+Encontro+Nacional+das+Mesas+de+Negocia%C3%A7%C3%A3o+Permanente+do+SUS+http%3A%2F%2Fapsredes.org%2Flaboratorio%2Fgestao-trabalho%2Fii-encontro-nacional-das-mesas-de-negociacao-permanente-do-sus%2F' rel='nofollow'><span>Twitter<\/span><\/a><\/li><li><a id='spsharer-facebook-692' class='spsharer spsharer-facebook' title='Share on Facebook' href='https:\/\/www.facebook.com\/sharer.php?u=http%3A%2F%2Fapsredes.org%2Flaboratorio%2Fgestao-trabalho%2Fii-encontro-nacional-das-mesas-de-negociacao-permanente-do-sus%2F&t=II+Encontro+Nacional+das+Mesas+de+Negocia%C3%A7%C3%A3o+Permanente+do+SUS' rel='nofollow'><span>Facebook<\/span><\/a><\/li><li><a id='spsharer-google-692' class='spsharer spsharer-google' title='Share on Google+' href='https:\/\/plus.google.com\/share?url=http%3A%2F%2Fapsredes.org%2Flaboratorio%2Fgestao-trabalho%2Fii-encontro-nacional-das-mesas-de-negociacao-permanente-do-sus%2F' rel='nofollow'><span>Google +1<\/span><\/a><\/li><li><a id='spsharer-mail-692' class='spsharer-email' title='Share by email to a friend' href='http:\/\/apsredes.org\/laboratorio\/gestao-trabalho\/ii-encontro-nacional-das-mesas-de-negociacao-permanente-do-sus\/' rel='nofollow'><span>Email<\/span><span class='count'><\/span><\/a><\/li><\/ul>","protected":false},"excerpt":{"rendered":"<p>Bras\u00edlia foi\u00a0palco do II Encontro Nacional das Mesas de Negocia\u00e7\u00e3o Permanente do SUS que se reuniram nos dias 19, 20 e 21 de novembro de 2014 no Hotel Carton. O primeiro dia\u00a0foi dedicado \u00e0 realiza\u00e7\u00e3o de oficinas tem\u00e1ticas que teve\u00a0como objetivo aprofundar o debate sobre temas relacionados \u00e0 Gest\u00e3o do Trabalho e Negocia\u00e7\u00e3o Coletiva no &hellip; <a href=\"http:\/\/apsredes.org\/laboratorio\/gestao-trabalho\/ii-encontro-nacional-das-mesas-de-negociacao-permanente-do-sus\/\">continuar<\/a><\/p>\n","protected":false},"author":1,"featured_media":698,"comment_status":"open","ping_status":"open","sticky":false,"template":"","format":"standard","meta":{"_monsterinsights_skip_tracking":false,"_monsterinsights_sitenote_active":false,"_monsterinsights_sitenote_note":"","_monsterinsights_sitenote_category":0},"categories":[14,4],"tags":[],"acf":[],"_links":{"self":[{"href":"http:\/\/apsredes.org\/laboratorio\/gestao-trabalho\/wp-json\/wp\/v2\/posts\/692"}],"collection":[{"href":"http:\/\/apsredes.org\/laboratorio\/gestao-trabalho\/wp-json\/wp\/v2\/posts"}],"about":[{"href":"http:\/\/apsredes.org\/laboratorio\/gestao-trabalho\/wp-json\/wp\/v2\/types\/post"}],"author":[{"embeddable":true,"href":"http:\/\/apsredes.org\/laboratorio\/gestao-trabalho\/wp-json\/wp\/v2\/users\/1"}],"replies":[{"embeddable":true,"href":"http:\/\/apsredes.org\/laboratorio\/gestao-trabalho\/wp-json\/wp\/v2\/comments?post=692"}],"version-history":[{"count":4,"href":"http:\/\/apsredes.org\/laboratorio\/gestao-trabalho\/wp-json\/wp\/v2\/posts\/692\/revisions"}],"predecessor-version":[{"id":779,"href":"http:\/\/apsredes.org\/laboratorio\/gestao-trabalho\/wp-json\/wp\/v2\/posts\/692\/revisions\/779"}],"wp:featuredmedia":[{"embeddable":true,"href":"http:\/\/apsredes.org\/laboratorio\/gestao-trabalho\/wp-json\/wp\/v2\/media\/698"}],"wp:attachment":[{"href":"http:\/\/apsredes.org\/laboratorio\/gestao-trabalho\/wp-json\/wp\/v2\/media?parent=692"}],"wp:term":[{"taxonomy":"category","embeddable":true,"href":"http:\/\/apsredes.org\/laboratorio\/gestao-trabalho\/wp-json\/wp\/v2\/categories?post=692"},{"taxonomy":"post_tag","embeddable":true,"href":"http:\/\/apsredes.org\/laboratorio\/gestao-trabalho\/wp-json\/wp\/v2\/tags?post=692"}],"curies":[{"name":"wp","href":"https:\/\/api.w.org\/{rel}","templated":true}]}}