{"id":689,"date":"2014-11-18T17:15:02","date_gmt":"2014-11-18T17:15:02","guid":{"rendered":"http:\/\/apsredes.org\/site2013\/gestao-trabalho\/?p=689"},"modified":"2016-01-30T16:18:39","modified_gmt":"2016-01-30T16:18:39","slug":"laboratorio-de-inovacao-capturando-a-fala-dos-trabalhadores-que-constroem-o-sus","status":"publish","type":"post","link":"http:\/\/apsredes.org\/laboratorio\/gestao-trabalho\/laboratorio-de-inovacao-capturando-a-fala-dos-trabalhadores-que-constroem-o-sus\/","title":{"rendered":"Laborat\u00f3rio de Inova\u00e7\u00e3o capturando a fala dos trabalhadores que constroem o SUS"},"content":{"rendered":"<p>O Departamento de Gest\u00e3o e Regula\u00e7\u00e3o do Trabalho na Sa\u00fade &#8211; DEGERTS\/SEGTES\/MS selecionou cinco experi\u00eancias premiadas pelo InovaSUS para serem acompanhadas em 2014 pelo Laborat\u00f3rio de Inova\u00e7\u00e3o da Gest\u00e3o do Trabalho na Sa\u00fade.<\/p>\n<p>As experi\u00eancias escolhidas foram: Avalia\u00e7\u00e3o de Desempenho no contexto do Programa de Incentivo ao Desenvolvimento da Qualidade dos Servi\u00e7os na Secretaria Municipal de Sa\u00fade de Curitiba-PR; Mesa Municipal de Negocia\u00e7\u00e3o Permanente do SUS e Efetiva\u00e7\u00e3o da Pol\u00edtica de Gest\u00e3o do Trabalho no Munic\u00edpio de Betim (MG); Implanta\u00e7\u00e3o do Plano de Empregos, Carreiras e Sal\u00e1rios na Funda\u00e7\u00e3o Estatal Sa\u00fade da Fam\u00edlia da Bahia \u2013 FESFSUS; Implanta\u00e7\u00e3o do Plano de Cargo e Carreira Estadual do Sistema \u00danico de Sa\u00fade em Mato Grosso; e, Implanta\u00e7\u00e3o do Plano de Cargos, Carreira e Vencimentos dos Profissionais de Sa\u00fade do Munic\u00edpio de Vit\u00f3ria (ES).<\/p>\n<p>A fase de visita a campo foi encerrada em 05 de novembro de 2014, tendo sido poss\u00edvel entrevistar trabalhadores, gestores e membros de organiza\u00e7\u00f5es sociais envolvidas. Como estrat\u00e9gia metodol\u00f3gica foi utilizada a captura de informa\u00e7\u00e3o por interm\u00e9dio de grupo focal com diferentes atores, bem como entrevistas com foco em narrativas que tiveram como inten\u00e7\u00e3o a recupera\u00e7\u00e3o do conhecimento t\u00e1cito individual e mem\u00f3ria institucional que, por sua vez, dever\u00e1 ser codificado e difundido atrav\u00e9s de v\u00eddeos e publica\u00e7\u00e3o em linguagem escrita.<\/p>\n<p>A visita procurou recuperar a ess\u00eancia da proposta inovadora que foi apresentada e premiada, procurando salientar aspectos como: contexto, avan\u00e7os, desafios, li\u00e7\u00f5es aprendidas e perspectivas de cada experi\u00eancia.<\/p>\n<p>Os produtos decorrentes da visita est\u00e3o em fase de execu\u00e7\u00e3o e ser\u00e3o divulgados neste site em janeiro de 2015.<\/p>\n<p>&nbsp;<\/p>\n<p><img loading=\"lazy\" class=\"alignnone size-medium wp-image-690\" src=\"http:\/\/apsredes.org\/site2013\/gestao-trabalho\/files\/2014\/11\/filmadora-644x303.jpg\" alt=\"filmadora\" width=\"644\" height=\"303\" srcset=\"http:\/\/apsredes.org\/laboratorio\/gestao-trabalho\/wp-content\/uploads\/2014\/11\/filmadora-644x303.jpg 644w, http:\/\/apsredes.org\/laboratorio\/gestao-trabalho\/wp-content\/uploads\/2014\/11\/filmadora-430x202.jpg 430w, http:\/\/apsredes.org\/laboratorio\/gestao-trabalho\/wp-content\/uploads\/2014\/11\/filmadora-1000x471.jpg 1000w, http:\/\/apsredes.org\/laboratorio\/gestao-trabalho\/wp-content\/uploads\/2014\/11\/filmadora-600x282.jpg 600w, http:\/\/apsredes.org\/laboratorio\/gestao-trabalho\/wp-content\/uploads\/2014\/11\/filmadora.jpg 1479w\" sizes=\"(max-width: 644px) 100vw, 644px\" \/><\/p>\n<br \/><ul id='sp-sharer-689' class='sp-sharer sp-sharer-default' data-id='689'><li><span class='share-title'>Share Post<\/span><\/li><li><a id='spsharer-twitter-689' class='spsharer spsharer-twitter' title='Share on Twitter' href='http:\/\/twitter.com\/intent\/tweet?text=Laborat%C3%B3rio+de+Inova%C3%A7%C3%A3o+capturando+a+fala+dos+trabalhadores+que+constroem+o+SUS+http%3A%2F%2Fapsredes.org%2Flaboratorio%2Fgestao-trabalho%2Flaboratorio-de-inovacao-capturando-a-fala-dos-trabalhadores-que-constroem-o-sus%2F' rel='nofollow'><span>Twitter<\/span><\/a><\/li><li><a id='spsharer-facebook-689' class='spsharer spsharer-facebook' title='Share on Facebook' href='https:\/\/www.facebook.com\/sharer.php?u=http%3A%2F%2Fapsredes.org%2Flaboratorio%2Fgestao-trabalho%2Flaboratorio-de-inovacao-capturando-a-fala-dos-trabalhadores-que-constroem-o-sus%2F&t=Laborat%C3%B3rio+de+Inova%C3%A7%C3%A3o+capturando+a+fala+dos+trabalhadores+que+constroem+o+SUS' rel='nofollow'><span>Facebook<\/span><\/a><\/li><li><a id='spsharer-google-689' class='spsharer spsharer-google' title='Share on Google+' href='https:\/\/plus.google.com\/share?url=http%3A%2F%2Fapsredes.org%2Flaboratorio%2Fgestao-trabalho%2Flaboratorio-de-inovacao-capturando-a-fala-dos-trabalhadores-que-constroem-o-sus%2F' rel='nofollow'><span>Google +1<\/span><\/a><\/li><li><a id='spsharer-mail-689' class='spsharer-email' title='Share by email to a friend' href='http:\/\/apsredes.org\/laboratorio\/gestao-trabalho\/laboratorio-de-inovacao-capturando-a-fala-dos-trabalhadores-que-constroem-o-sus\/' rel='nofollow'><span>Email<\/span><span class='count'><\/span><\/a><\/li><\/ul>","protected":false},"excerpt":{"rendered":"<p>O Departamento de Gest\u00e3o e Regula\u00e7\u00e3o do Trabalho na Sa\u00fade &#8211; DEGERTS\/SEGTES\/MS selecionou cinco experi\u00eancias premiadas pelo InovaSUS para serem acompanhadas em 2014 pelo Laborat\u00f3rio de Inova\u00e7\u00e3o da Gest\u00e3o do Trabalho na Sa\u00fade. As experi\u00eancias escolhidas foram: Avalia\u00e7\u00e3o de Desempenho no contexto do Programa de Incentivo ao Desenvolvimento da Qualidade dos Servi\u00e7os na Secretaria Municipal &hellip; <a href=\"http:\/\/apsredes.org\/laboratorio\/gestao-trabalho\/laboratorio-de-inovacao-capturando-a-fala-dos-trabalhadores-que-constroem-o-sus\/\">continuar<\/a><\/p>\n","protected":false},"author":1,"featured_media":690,"comment_status":"open","ping_status":"open","sticky":false,"template":"","format":"standard","meta":{"_monsterinsights_skip_tracking":false,"_monsterinsights_sitenote_active":false,"_monsterinsights_sitenote_note":"","_monsterinsights_sitenote_category":0},"categories":[14,4],"tags":[],"acf":[],"_links":{"self":[{"href":"http:\/\/apsredes.org\/laboratorio\/gestao-trabalho\/wp-json\/wp\/v2\/posts\/689"}],"collection":[{"href":"http:\/\/apsredes.org\/laboratorio\/gestao-trabalho\/wp-json\/wp\/v2\/posts"}],"about":[{"href":"http:\/\/apsredes.org\/laboratorio\/gestao-trabalho\/wp-json\/wp\/v2\/types\/post"}],"author":[{"embeddable":true,"href":"http:\/\/apsredes.org\/laboratorio\/gestao-trabalho\/wp-json\/wp\/v2\/users\/1"}],"replies":[{"embeddable":true,"href":"http:\/\/apsredes.org\/laboratorio\/gestao-trabalho\/wp-json\/wp\/v2\/comments?post=689"}],"version-history":[{"count":1,"href":"http:\/\/apsredes.org\/laboratorio\/gestao-trabalho\/wp-json\/wp\/v2\/posts\/689\/revisions"}],"predecessor-version":[{"id":691,"href":"http:\/\/apsredes.org\/laboratorio\/gestao-trabalho\/wp-json\/wp\/v2\/posts\/689\/revisions\/691"}],"wp:featuredmedia":[{"embeddable":true,"href":"http:\/\/apsredes.org\/laboratorio\/gestao-trabalho\/wp-json\/wp\/v2\/media\/690"}],"wp:attachment":[{"href":"http:\/\/apsredes.org\/laboratorio\/gestao-trabalho\/wp-json\/wp\/v2\/media?parent=689"}],"wp:term":[{"taxonomy":"category","embeddable":true,"href":"http:\/\/apsredes.org\/laboratorio\/gestao-trabalho\/wp-json\/wp\/v2\/categories?post=689"},{"taxonomy":"post_tag","embeddable":true,"href":"http:\/\/apsredes.org\/laboratorio\/gestao-trabalho\/wp-json\/wp\/v2\/tags?post=689"}],"curies":[{"name":"wp","href":"https:\/\/api.w.org\/{rel}","templated":true}]}}