{"id":467,"date":"2014-10-30T02:00:27","date_gmt":"2014-10-30T02:00:27","guid":{"rendered":"http:\/\/apsredes.org\/site2013\/gestao-trabalho\/?p=467"},"modified":"2015-01-05T19:55:45","modified_gmt":"2015-01-05T19:55:45","slug":"laboratorio-faz-visita-tecnica-a-experiencia-de-salvador","status":"publish","type":"post","link":"http:\/\/apsredes.org\/laboratorio\/gestao-trabalho\/laboratorio-faz-visita-tecnica-a-experiencia-de-salvador\/","title":{"rendered":"Laborat\u00f3rio faz visita t\u00e9cnica \u00e0 experi\u00eancia de Salvador"},"content":{"rendered":"<p><img loading=\"lazy\" class=\"alignnone size-full wp-image-616\" src=\"http:\/\/apsredes.org\/site2013\/gestao-trabalho\/files\/2014\/09\/salvador.jpg\" alt=\"salvador\" width=\"1000\" height=\"471\" srcset=\"http:\/\/apsredes.org\/laboratorio\/gestao-trabalho\/wp-content\/uploads\/2014\/09\/salvador.jpg 1000w, http:\/\/apsredes.org\/laboratorio\/gestao-trabalho\/wp-content\/uploads\/2014\/09\/salvador-430x202.jpg 430w, http:\/\/apsredes.org\/laboratorio\/gestao-trabalho\/wp-content\/uploads\/2014\/09\/salvador-644x303.jpg 644w, http:\/\/apsredes.org\/laboratorio\/gestao-trabalho\/wp-content\/uploads\/2014\/09\/salvador-600x282.jpg 600w\" sizes=\"(max-width: 1000px) 100vw, 1000px\" \/><\/p>\n<p>O Laborat\u00f3rio de Inova\u00e7\u00e3o em Gest\u00e3o do Trabalho do SUS d\u00e1 continuidade, a partir desta segunda-feira (22) a etapa de visitas t\u00e9cnicas \u00e0s experi\u00eancias selecionadas para acompanhamento. O objetivo \u00e9 conhecer melhor as pr\u00e1ticas desenvolvidas, avaliar os principais pontos de inova\u00e7\u00e3o das experi\u00eancias desenvolvidas e aprofundar o conhecimento sobre o trabalho cotidiano desenvolvido. Desta vez a visita ser\u00e1 \u00e0 Funda\u00e7\u00e3o Estatal de Sa\u00fade da Fam\u00edlia Bahia (FESF-SUS).<\/p>\n<p>Durante dois dias ser\u00e3o avaliados os contextos e processos que permitiram sua implementa\u00e7\u00e3o, resultados alcan\u00e7ados e impactos para os trabalhadores e usu\u00e1rios do sistema, entre outros pontos. Tamb\u00e9m ser\u00e3o analisadas as debilidades e for\u00e7as dos processos, desafios encontrados e as li\u00e7\u00f5es aprendidas.<\/p>\n<p>A FESF-SUS tem como objetivos estrat\u00e9gicos a esprecariza\u00e7\u00e3o dos v\u00ednculos de trabalho dos profissionais da estrat\u00e9gia de sa\u00fade da fam\u00edlia, a expans\u00e3o, interioriza\u00e7\u00e3o e amplia\u00e7\u00e3o da cobertura dos sevi\u00e7os de sa\u00fade da fam\u00edia e a melhoria da qualidade das a\u00e7\u00f5es, servi\u00e7os e da gest\u00e3o da aten\u00e7\u00e3o b\u00e1sica. Com permiss\u00e3o de lei complementar estadual, a funda\u00e7\u00e3o foi constitu\u00edda por 69 munic\u00edpios, em maio de 2009, como um \u00f3rg\u00e3o integralmente p\u00fablico, intermunicipal, integrante da administra\u00e7\u00e3o indireta do Estado, sem fins lucrativos, de interesse coletivo e dotado de personalidade jur\u00eddica de direito privado.<\/p>\n<br \/><ul id='sp-sharer-467' class='sp-sharer sp-sharer-default' data-id='467'><li><span class='share-title'>Share Post<\/span><\/li><li><a id='spsharer-twitter-467' class='spsharer spsharer-twitter' title='Share on Twitter' href='http:\/\/twitter.com\/intent\/tweet?text=Laborat%C3%B3rio+faz+visita+t%C3%A9cnica+%C3%A0+experi%C3%AAncia+de+Salvador+http%3A%2F%2Fapsredes.org%2Flaboratorio%2Fgestao-trabalho%2Flaboratorio-faz-visita-tecnica-a-experiencia-de-salvador%2F' rel='nofollow'><span>Twitter<\/span><\/a><\/li><li><a id='spsharer-facebook-467' class='spsharer spsharer-facebook' title='Share on Facebook' href='https:\/\/www.facebook.com\/sharer.php?u=http%3A%2F%2Fapsredes.org%2Flaboratorio%2Fgestao-trabalho%2Flaboratorio-faz-visita-tecnica-a-experiencia-de-salvador%2F&t=Laborat%C3%B3rio+faz+visita+t%C3%A9cnica+%C3%A0+experi%C3%AAncia+de+Salvador' rel='nofollow'><span>Facebook<\/span><\/a><\/li><li><a id='spsharer-google-467' class='spsharer spsharer-google' title='Share on Google+' href='https:\/\/plus.google.com\/share?url=http%3A%2F%2Fapsredes.org%2Flaboratorio%2Fgestao-trabalho%2Flaboratorio-faz-visita-tecnica-a-experiencia-de-salvador%2F' rel='nofollow'><span>Google +1<\/span><\/a><\/li><li><a id='spsharer-mail-467' class='spsharer-email' title='Share by email to a friend' href='http:\/\/apsredes.org\/laboratorio\/gestao-trabalho\/laboratorio-faz-visita-tecnica-a-experiencia-de-salvador\/' rel='nofollow'><span>Email<\/span><span class='count'><\/span><\/a><\/li><\/ul>","protected":false},"excerpt":{"rendered":"<p>O Laborat\u00f3rio de Inova\u00e7\u00e3o em Gest\u00e3o do Trabalho do SUS d\u00e1 continuidade, a partir desta segunda-feira (22) a etapa de visitas t\u00e9cnicas \u00e0s experi\u00eancias selecionadas para acompanhamento. O objetivo \u00e9 conhecer melhor as pr\u00e1ticas desenvolvidas, avaliar os principais pontos de inova\u00e7\u00e3o das experi\u00eancias desenvolvidas e aprofundar o conhecimento sobre o trabalho cotidiano desenvolvido. Desta vez &hellip; <a href=\"http:\/\/apsredes.org\/laboratorio\/gestao-trabalho\/laboratorio-faz-visita-tecnica-a-experiencia-de-salvador\/\">continuar<\/a><\/p>\n","protected":false},"author":96,"featured_media":616,"comment_status":"open","ping_status":"open","sticky":false,"template":"","format":"standard","meta":{"_monsterinsights_skip_tracking":false,"_monsterinsights_sitenote_active":false,"_monsterinsights_sitenote_note":"","_monsterinsights_sitenote_category":0},"categories":[14,4],"tags":[],"acf":[],"_links":{"self":[{"href":"http:\/\/apsredes.org\/laboratorio\/gestao-trabalho\/wp-json\/wp\/v2\/posts\/467"}],"collection":[{"href":"http:\/\/apsredes.org\/laboratorio\/gestao-trabalho\/wp-json\/wp\/v2\/posts"}],"about":[{"href":"http:\/\/apsredes.org\/laboratorio\/gestao-trabalho\/wp-json\/wp\/v2\/types\/post"}],"author":[{"embeddable":true,"href":"http:\/\/apsredes.org\/laboratorio\/gestao-trabalho\/wp-json\/wp\/v2\/users\/96"}],"replies":[{"embeddable":true,"href":"http:\/\/apsredes.org\/laboratorio\/gestao-trabalho\/wp-json\/wp\/v2\/comments?post=467"}],"version-history":[{"count":2,"href":"http:\/\/apsredes.org\/laboratorio\/gestao-trabalho\/wp-json\/wp\/v2\/posts\/467\/revisions"}],"predecessor-version":[{"id":659,"href":"http:\/\/apsredes.org\/laboratorio\/gestao-trabalho\/wp-json\/wp\/v2\/posts\/467\/revisions\/659"}],"wp:featuredmedia":[{"embeddable":true,"href":"http:\/\/apsredes.org\/laboratorio\/gestao-trabalho\/wp-json\/wp\/v2\/media\/616"}],"wp:attachment":[{"href":"http:\/\/apsredes.org\/laboratorio\/gestao-trabalho\/wp-json\/wp\/v2\/media?parent=467"}],"wp:term":[{"taxonomy":"category","embeddable":true,"href":"http:\/\/apsredes.org\/laboratorio\/gestao-trabalho\/wp-json\/wp\/v2\/categories?post=467"},{"taxonomy":"post_tag","embeddable":true,"href":"http:\/\/apsredes.org\/laboratorio\/gestao-trabalho\/wp-json\/wp\/v2\/tags?post=467"}],"curies":[{"name":"wp","href":"https:\/\/api.w.org\/{rel}","templated":true}]}}