{"id":463,"date":"2014-09-17T22:22:09","date_gmt":"2014-09-17T22:22:09","guid":{"rendered":"http:\/\/apsredes.org\/site2013\/gestao-trabalho\/?p=463"},"modified":"2015-01-05T19:56:49","modified_gmt":"2015-01-05T19:56:49","slug":"curso-de-gestao-do-trabalho-na-saude-e-ministrado-em-salvadorba","status":"publish","type":"post","link":"http:\/\/apsredes.org\/laboratorio\/gestao-trabalho\/curso-de-gestao-do-trabalho-na-saude-e-ministrado-em-salvadorba\/","title":{"rendered":"Curso de Gest\u00e3o do Trabalho na Sa\u00fade \u00e9 ministrado em Salvador\/BA"},"content":{"rendered":"<p>Come\u00e7ou nesta segunda-feira (15), em Salvador\/BA, o Curso de Negocia\u00e7\u00e3o Coletiva e Gest\u00e3o do Trabalho na Sa\u00fade. O curso conta com 20 participantes entre gestores e trabalhadores da Secretaria de Sa\u00fade de Salvador &#8211; SESAB, e da Funda\u00e7\u00e3o Estatal Sa\u00fade da Fam\u00edlia \u2013 FESF e representa\u00e7\u00f5es da Regional do DIEESE-BA.<\/p>\n<p>A mesa de abertura contou com a participa\u00e7\u00e3o\u00a0da Coordenadora da Mesa Nacional Tatiana Santos, do representante da bancada dos Trabalhadores Ant\u00f4nio Pereira e da Supervisora do Dieese\/BA Ana Georgina.<\/p>\n<p>A iniciativa do curso do Departamento de Gest\u00e3o e da Regula\u00e7\u00e3o do Trabalho em Sa\u00fade (DEGERTS) e da Mesa Nacional de Negocia\u00e7\u00e3o Permanente do SUS (MNNP-SUS) \u00e9 realizado em parceria com o Departamento Intersindical de Estat\u00edstica e Estudos Socioecon\u00f4micos (DIEESE). O curso \u00e9 uma das estrat\u00e9gias do Departamento que t\u00eam como objetivo, por meio da qualifica\u00e7\u00e3o dos negociadores, fortalecer as Mesas, potencializando o processo de negocia\u00e7\u00e3o e as pactua\u00e7\u00f5es resultantes.<\/p>\n<p>Ministrado por t\u00e9cnicos do Dieese, o curso tem carga hor\u00e1ria de 40 horas e prossegue at\u00e9 sexta-feira (19).<\/p>\n<br \/><ul id='sp-sharer-463' class='sp-sharer sp-sharer-default' data-id='463'><li><span class='share-title'>Share Post<\/span><\/li><li><a id='spsharer-twitter-463' class='spsharer spsharer-twitter' title='Share on Twitter' href='http:\/\/twitter.com\/intent\/tweet?text=Curso+de+Gest%C3%A3o+do+Trabalho+na+Sa%C3%BAde+%C3%A9+ministrado+em+Salvador%2FBA+http%3A%2F%2Fapsredes.org%2Flaboratorio%2Fgestao-trabalho%2Fcurso-de-gestao-do-trabalho-na-saude-e-ministrado-em-salvadorba%2F' rel='nofollow'><span>Twitter<\/span><\/a><\/li><li><a id='spsharer-facebook-463' class='spsharer spsharer-facebook' title='Share on Facebook' href='https:\/\/www.facebook.com\/sharer.php?u=http%3A%2F%2Fapsredes.org%2Flaboratorio%2Fgestao-trabalho%2Fcurso-de-gestao-do-trabalho-na-saude-e-ministrado-em-salvadorba%2F&t=Curso+de+Gest%C3%A3o+do+Trabalho+na+Sa%C3%BAde+%C3%A9+ministrado+em+Salvador%2FBA' rel='nofollow'><span>Facebook<\/span><\/a><\/li><li><a id='spsharer-google-463' class='spsharer spsharer-google' title='Share on Google+' href='https:\/\/plus.google.com\/share?url=http%3A%2F%2Fapsredes.org%2Flaboratorio%2Fgestao-trabalho%2Fcurso-de-gestao-do-trabalho-na-saude-e-ministrado-em-salvadorba%2F' rel='nofollow'><span>Google +1<\/span><\/a><\/li><li><a id='spsharer-mail-463' class='spsharer-email' title='Share by email to a friend' href='http:\/\/apsredes.org\/laboratorio\/gestao-trabalho\/curso-de-gestao-do-trabalho-na-saude-e-ministrado-em-salvadorba\/' rel='nofollow'><span>Email<\/span><span class='count'><\/span><\/a><\/li><\/ul>","protected":false},"excerpt":{"rendered":"<p>Come\u00e7ou nesta segunda-feira (15), em Salvador\/BA, o Curso de Negocia\u00e7\u00e3o Coletiva e Gest\u00e3o do Trabalho na Sa\u00fade. O curso conta com 20 participantes entre gestores e trabalhadores da Secretaria de Sa\u00fade de Salvador &#8211; SESAB, e da Funda\u00e7\u00e3o Estatal Sa\u00fade da Fam\u00edlia \u2013 FESF e representa\u00e7\u00f5es da Regional do DIEESE-BA. A mesa de abertura contou &hellip; <a href=\"http:\/\/apsredes.org\/laboratorio\/gestao-trabalho\/curso-de-gestao-do-trabalho-na-saude-e-ministrado-em-salvadorba\/\">continuar<\/a><\/p>\n","protected":false},"author":96,"featured_media":0,"comment_status":"open","ping_status":"open","sticky":false,"template":"","format":"standard","meta":{"_monsterinsights_skip_tracking":false,"_monsterinsights_sitenote_active":false,"_monsterinsights_sitenote_note":"","_monsterinsights_sitenote_category":0},"categories":[14,4],"tags":[],"acf":[],"_links":{"self":[{"href":"http:\/\/apsredes.org\/laboratorio\/gestao-trabalho\/wp-json\/wp\/v2\/posts\/463"}],"collection":[{"href":"http:\/\/apsredes.org\/laboratorio\/gestao-trabalho\/wp-json\/wp\/v2\/posts"}],"about":[{"href":"http:\/\/apsredes.org\/laboratorio\/gestao-trabalho\/wp-json\/wp\/v2\/types\/post"}],"author":[{"embeddable":true,"href":"http:\/\/apsredes.org\/laboratorio\/gestao-trabalho\/wp-json\/wp\/v2\/users\/96"}],"replies":[{"embeddable":true,"href":"http:\/\/apsredes.org\/laboratorio\/gestao-trabalho\/wp-json\/wp\/v2\/comments?post=463"}],"version-history":[{"count":1,"href":"http:\/\/apsredes.org\/laboratorio\/gestao-trabalho\/wp-json\/wp\/v2\/posts\/463\/revisions"}],"predecessor-version":[{"id":464,"href":"http:\/\/apsredes.org\/laboratorio\/gestao-trabalho\/wp-json\/wp\/v2\/posts\/463\/revisions\/464"}],"wp:attachment":[{"href":"http:\/\/apsredes.org\/laboratorio\/gestao-trabalho\/wp-json\/wp\/v2\/media?parent=463"}],"wp:term":[{"taxonomy":"category","embeddable":true,"href":"http:\/\/apsredes.org\/laboratorio\/gestao-trabalho\/wp-json\/wp\/v2\/categories?post=463"},{"taxonomy":"post_tag","embeddable":true,"href":"http:\/\/apsredes.org\/laboratorio\/gestao-trabalho\/wp-json\/wp\/v2\/tags?post=463"}],"curies":[{"name":"wp","href":"https:\/\/api.w.org\/{rel}","templated":true}]}}