{"id":395,"date":"2014-09-15T11:05:17","date_gmt":"2014-09-15T11:05:17","guid":{"rendered":"http:\/\/apsredes.org\/site2013\/gestao-trabalho\/?p=395"},"modified":"2015-01-05T19:57:04","modified_gmt":"2015-01-05T19:57:04","slug":"secretario-fala-sobre-importancia-da-gestao-do-trabalho","status":"publish","type":"post","link":"http:\/\/apsredes.org\/laboratorio\/gestao-trabalho\/secretario-fala-sobre-importancia-da-gestao-do-trabalho\/","title":{"rendered":"Secret\u00e1rio fala sobre import\u00e2ncia da gest\u00e3o do trabalho"},"content":{"rendered":"<p>Em entrevista \u00e0 equipe do Laborat\u00f3rio de Inova\u00e7\u00e3o na Gest\u00e3o da Sa\u00fade, o titular da Secretaria de Gest\u00e3o do Trabalho e Educa\u00e7\u00e3o na Sa\u00fade (SGTES), Heider Aur\u00e9lio Pinto, fala sobre a import\u00e2ncia da gest\u00e3o do trabalho para o SUS. Ele ressalta que, embora o tema j\u00e1 fosse discutido h\u00e1 algum tempo, a partir de 2003, com a cria\u00e7\u00e3o da SGTES, passou a ser tratado em um patamar diferente no Minist\u00e9rio da Sa\u00fade que passou a compreend\u00ea-la como um fator decisivo para o desenvolvimento do sistema.<\/p>\n<p>O secret\u00e1rio destaca que um dos desafios \u00e9 enxergar a gest\u00e3o do trabalho como importante n\u00e3o s\u00f3 para os profissionais da \u00e1rea, que com melhores condi\u00e7\u00f5es de trabalho e de planejamento de carreira, ir\u00e1 exercer suas fun\u00e7\u00f5es com mais satisfa\u00e7\u00e3o, mas tamb\u00e9m aliar esses fatores para melhorar a condi\u00e7\u00e3o dos servi\u00e7os oferecidos aos usu\u00e1rios do sistema. No seu entendimento, a exist\u00eancia de um laborat\u00f3rio dedicado ao estudo do tema, fazendo a gest\u00e3o e sistematiza\u00e7\u00e3o do conhecimento, observando as experi\u00eancias e possibilitando a troca de informa\u00e7\u00f5es \u00e9 um fato a ser comemorado.<\/p>\n<p>Segundo ele, os laborat\u00f3rios possibilitam, em tempo real, revelar situa\u00e7\u00f5es que est\u00e3o ocorrendo e dando resultados concretos para que possam ser estudadas e replicadas \u201cMuitas experi\u00eancias est\u00e3o acontecendo no dia a dia, est\u00e3o tendo impacto no dia a dia, mas muitas vezes os gestores, as pessoas que est\u00e3o vivendo aquela experi\u00eancia t\u00eam dificuldade de sistematizar e disseminar esse conhecimento\u201d, afirmou.<\/p>\n<p>Assista ao v\u00eddeo na \u00edntegra aqui:<\/p>\n<div class=\"arve\" data-mode=\"normal\" data-oembed=\"1\" data-provider=\"youtube\" id=\"arve-youtube-dncuoml3hd469f217970ae94317083088\" style=\"max-width:1140px;\">\n<span class=\"arve-inner\"><br \/>\n<span class=\"arve-embed arve-embed--has-aspect-ratio\" style=\"aspect-ratio: 1140 \/ 641\"><br \/>\n<iframe loading=\"lazy\" allow=\"accelerometer; autoplay; clipboard-write; encrypted-media; gyroscope; picture-in-picture\" allowfullscreen class=\"arve-iframe fitvidsignore\" data-arve=\"arve-youtube-dncuoml3hd469f217970ae94317083088\" data-src-no-ap=\"https:\/\/www.youtube-nocookie.com\/embed\/dnCuOmL3hD4?feature=oembed&amp;iv_load_policy=3&amp;modestbranding=1&amp;rel=0&amp;autohide=1&amp;playsinline=0&amp;autoplay=0\" frameborder=\"0\" height=\"641\" sandbox=\"allow-scripts allow-same-origin allow-presentation allow-popups allow-popups-to-escape-sandbox\" scrolling=\"no\" src=\"https:\/\/www.youtube-nocookie.com\/embed\/dnCuOmL3hD4?feature=oembed&#038;iv_load_policy=3&#038;modestbranding=1&#038;rel=0&#038;autohide=1&#038;playsinline=0&#038;autoplay=0\" width=\"1140\"><\/iframe><\/p>\n<p><\/span><\/p>\n<p><\/span><br \/>\n<script type=\"application\/ld+json\">{\"@context\":\"http:\\\/\\\/schema.org\\\/\",\"@id\":\"http:\\\/\\\/apsredes.org\\\/laboratorio\\\/gestao-trabalho\\\/secretario-fala-sobre-importancia-da-gestao-do-trabalho\\\/#arve-youtube-dncuoml3hd469f217970ae94317083088\",\"type\":\"VideoObject\",\"embedURL\":\"https:\\\/\\\/www.youtube-nocookie.com\\\/embed\\\/dnCuOmL3hD4?feature=oembed&iv_load_policy=3&modestbranding=1&rel=0&autohide=1&playsinline=0&autoplay=0\"}<\/script>\n<\/div>\n<br \/><ul id='sp-sharer-395' class='sp-sharer sp-sharer-default' data-id='395'><li><span class='share-title'>Share Post<\/span><\/li><li><a id='spsharer-twitter-395' class='spsharer spsharer-twitter' title='Share on Twitter' href='http:\/\/twitter.com\/intent\/tweet?text=Secret%C3%A1rio+fala+sobre+import%C3%A2ncia+da+gest%C3%A3o+do+trabalho+http%3A%2F%2Fapsredes.org%2Flaboratorio%2Fgestao-trabalho%2Fsecretario-fala-sobre-importancia-da-gestao-do-trabalho%2F' rel='nofollow'><span>Twitter<\/span><\/a><\/li><li><a id='spsharer-facebook-395' class='spsharer spsharer-facebook' title='Share on Facebook' href='https:\/\/www.facebook.com\/sharer.php?u=http%3A%2F%2Fapsredes.org%2Flaboratorio%2Fgestao-trabalho%2Fsecretario-fala-sobre-importancia-da-gestao-do-trabalho%2F&t=Secret%C3%A1rio+fala+sobre+import%C3%A2ncia+da+gest%C3%A3o+do+trabalho' rel='nofollow'><span>Facebook<\/span><\/a><\/li><li><a id='spsharer-google-395' class='spsharer spsharer-google' title='Share on Google+' href='https:\/\/plus.google.com\/share?url=http%3A%2F%2Fapsredes.org%2Flaboratorio%2Fgestao-trabalho%2Fsecretario-fala-sobre-importancia-da-gestao-do-trabalho%2F' rel='nofollow'><span>Google +1<\/span><\/a><\/li><li><a id='spsharer-mail-395' class='spsharer-email' title='Share by email to a friend' href='http:\/\/apsredes.org\/laboratorio\/gestao-trabalho\/secretario-fala-sobre-importancia-da-gestao-do-trabalho\/' rel='nofollow'><span>Email<\/span><span class='count'><\/span><\/a><\/li><\/ul>","protected":false},"excerpt":{"rendered":"<p>Em entrevista \u00e0 equipe do Laborat\u00f3rio de Inova\u00e7\u00e3o na Gest\u00e3o da Sa\u00fade, o titular da Secretaria de Gest\u00e3o do Trabalho e Educa\u00e7\u00e3o na Sa\u00fade (SGTES), Heider Aur\u00e9lio Pinto, fala sobre a import\u00e2ncia da gest\u00e3o do trabalho para o SUS. Ele ressalta que, embora o tema j\u00e1 fosse discutido h\u00e1 algum tempo, a partir de 2003, &hellip; <a href=\"http:\/\/apsredes.org\/laboratorio\/gestao-trabalho\/secretario-fala-sobre-importancia-da-gestao-do-trabalho\/\">continuar<\/a><\/p>\n","protected":false},"author":96,"featured_media":329,"comment_status":"open","ping_status":"open","sticky":false,"template":"","format":"standard","meta":{"_monsterinsights_skip_tracking":false,"_monsterinsights_sitenote_active":false,"_monsterinsights_sitenote_note":"","_monsterinsights_sitenote_category":0},"categories":[14,4],"tags":[],"acf":[],"_links":{"self":[{"href":"http:\/\/apsredes.org\/laboratorio\/gestao-trabalho\/wp-json\/wp\/v2\/posts\/395"}],"collection":[{"href":"http:\/\/apsredes.org\/laboratorio\/gestao-trabalho\/wp-json\/wp\/v2\/posts"}],"about":[{"href":"http:\/\/apsredes.org\/laboratorio\/gestao-trabalho\/wp-json\/wp\/v2\/types\/post"}],"author":[{"embeddable":true,"href":"http:\/\/apsredes.org\/laboratorio\/gestao-trabalho\/wp-json\/wp\/v2\/users\/96"}],"replies":[{"embeddable":true,"href":"http:\/\/apsredes.org\/laboratorio\/gestao-trabalho\/wp-json\/wp\/v2\/comments?post=395"}],"version-history":[{"count":4,"href":"http:\/\/apsredes.org\/laboratorio\/gestao-trabalho\/wp-json\/wp\/v2\/posts\/395\/revisions"}],"predecessor-version":[{"id":434,"href":"http:\/\/apsredes.org\/laboratorio\/gestao-trabalho\/wp-json\/wp\/v2\/posts\/395\/revisions\/434"}],"wp:featuredmedia":[{"embeddable":true,"href":"http:\/\/apsredes.org\/laboratorio\/gestao-trabalho\/wp-json\/wp\/v2\/media\/329"}],"wp:attachment":[{"href":"http:\/\/apsredes.org\/laboratorio\/gestao-trabalho\/wp-json\/wp\/v2\/media?parent=395"}],"wp:term":[{"taxonomy":"category","embeddable":true,"href":"http:\/\/apsredes.org\/laboratorio\/gestao-trabalho\/wp-json\/wp\/v2\/categories?post=395"},{"taxonomy":"post_tag","embeddable":true,"href":"http:\/\/apsredes.org\/laboratorio\/gestao-trabalho\/wp-json\/wp\/v2\/tags?post=395"}],"curies":[{"name":"wp","href":"https:\/\/api.w.org\/{rel}","templated":true}]}}