{"id":382,"date":"2014-09-01T13:29:50","date_gmt":"2014-09-01T13:29:50","guid":{"rendered":"http:\/\/apsredes.org\/site2013\/gestao-trabalho\/?p=382"},"modified":"2015-01-05T19:57:27","modified_gmt":"2015-01-05T19:57:27","slug":"equipes-iniciam-visitas-tecnicas-a-experiencias-inovadores-em-gestao-do-trabalho","status":"publish","type":"post","link":"http:\/\/apsredes.org\/laboratorio\/gestao-trabalho\/equipes-iniciam-visitas-tecnicas-a-experiencias-inovadores-em-gestao-do-trabalho\/","title":{"rendered":"Equipes iniciam visitas t\u00e9cnicas a experi\u00eancias inovadores em gest\u00e3o do trabalho"},"content":{"rendered":"<p>O Laborat\u00f3rio de Inova\u00e7\u00e3o em Gest\u00e3o do Trabalho do SUS inicia nesta segunda-feira (1) a etapa de visitas t\u00e9cnicas \u00e0s experi\u00eancias selecionadas para acompanhamento. O objetivo \u00e9 conhecer melhor as pr\u00e1ticas desenvolvidas, avaliar os principais pontos de inova\u00e7\u00e3o das experi\u00eancias desenvolvidas e aprofundar o conhecimento sobre o trabalho cotidiano desenvolvido. As primeiras visitas ser\u00e3o \u00e0 Secretaria Municipal de Sa\u00fade de Vit\u00f3ria (1 e 2\/9) e \u00e0 Secretaria Municipal de Sa\u00fade de Curitiba (3 a 5\/9).<\/p>\n<p>Durante as visitas ser\u00e3o avaliados os contextos e processos que permitiram sua implementa\u00e7\u00e3o, resultados alcan\u00e7ados e impactos para os trabalhadores e usu\u00e1rios do sistema, entre outros pontos. Tamb\u00e9m ser\u00e3o analisadas as debilidades e for\u00e7as dos processos, desafios encontrados e as li\u00e7\u00f5es aprendidas.<\/p>\n<p><strong>Vit\u00f3ria<\/strong><\/p>\n<p>A experi\u00eancia acompanhada \u00e9 a implanta\u00e7\u00e3o do Plano de Cargos, Carreira e Vencimentos dos Profissionais de Sa\u00fade do Munic\u00edpio. Seu objetivo \u00e9 estimular o desempenho profissional, valorizar o funcion\u00e1rio pelo conhecimento adquirido, pela compet\u00eancia, pelo empenho e pelo desempenho, incentivar a qualifica\u00e7\u00e3o funcional cont\u00ednua, estabelecer as regras para a evolu\u00e7\u00e3o funcional e racionalizar a estrutura de cargos e carreira. O p\u00fablico-alvo s\u00e3o os profissionais de sa\u00fade que ingressaram na carreira por meio de concurso p\u00fablico e tamb\u00e9m as chefias imediatas que s\u00e3o avaliadores das suas equipes.<\/p>\n<p><strong>Curitiba<\/strong><\/p>\n<p>Na capital paranaense a experi\u00eancia acompanhada \u00e9 a constru\u00e7\u00e3o de indicadores, negocia\u00e7\u00e3o, avalia\u00e7\u00e3o de desempenho e remunera\u00e7\u00e3o vari\u00e1vel, na Secretaria Municipal de Sa\u00fade, com o objetivo de possibilitar a gest\u00e3o por resultados. O projeto possibilitou instituir instrumentos e estrat\u00e9gias de gest\u00e3o atrav\u00e9s do planejamento compartilhado, negocia\u00e7\u00e3o de metas, monitoramento continuo de processos de trabalho, assegurando resultados e premiando m\u00e9ritos. O p\u00fablico atendido s\u00e3o os cerca de 6.500 trabalhadores em sa\u00fade da Secretaria Municipal da Sa\u00fade-SMS e os 240 gestores de n\u00edveis estrat\u00e9gico, gerencial e operacional.<\/p>\n<br \/><ul id='sp-sharer-382' class='sp-sharer sp-sharer-default' data-id='382'><li><span class='share-title'>Share Post<\/span><\/li><li><a id='spsharer-twitter-382' class='spsharer spsharer-twitter' title='Share on Twitter' href='http:\/\/twitter.com\/intent\/tweet?text=Equipes+iniciam+visitas+t%C3%A9cnicas+a+experi%C3%AAncias+inovadores+em+gest%C3%A3o+do+trabalho+http%3A%2F%2Fapsredes.org%2Flaboratorio%2Fgestao-trabalho%2Fequipes-iniciam-visitas-tecnicas-a-experiencias-inovadores-em-gestao-do-trabalho%2F' rel='nofollow'><span>Twitter<\/span><\/a><\/li><li><a id='spsharer-facebook-382' class='spsharer spsharer-facebook' title='Share on Facebook' href='https:\/\/www.facebook.com\/sharer.php?u=http%3A%2F%2Fapsredes.org%2Flaboratorio%2Fgestao-trabalho%2Fequipes-iniciam-visitas-tecnicas-a-experiencias-inovadores-em-gestao-do-trabalho%2F&t=Equipes+iniciam+visitas+t%C3%A9cnicas+a+experi%C3%AAncias+inovadores+em+gest%C3%A3o+do+trabalho' rel='nofollow'><span>Facebook<\/span><\/a><\/li><li><a id='spsharer-google-382' class='spsharer spsharer-google' title='Share on Google+' href='https:\/\/plus.google.com\/share?url=http%3A%2F%2Fapsredes.org%2Flaboratorio%2Fgestao-trabalho%2Fequipes-iniciam-visitas-tecnicas-a-experiencias-inovadores-em-gestao-do-trabalho%2F' rel='nofollow'><span>Google +1<\/span><\/a><\/li><li><a id='spsharer-mail-382' class='spsharer-email' title='Share by email to a friend' href='http:\/\/apsredes.org\/laboratorio\/gestao-trabalho\/equipes-iniciam-visitas-tecnicas-a-experiencias-inovadores-em-gestao-do-trabalho\/' rel='nofollow'><span>Email<\/span><span class='count'><\/span><\/a><\/li><\/ul>","protected":false},"excerpt":{"rendered":"<p>O Laborat\u00f3rio de Inova\u00e7\u00e3o em Gest\u00e3o do Trabalho do SUS inicia nesta segunda-feira (1) a etapa de visitas t\u00e9cnicas \u00e0s experi\u00eancias selecionadas para acompanhamento. O objetivo \u00e9 conhecer melhor as pr\u00e1ticas desenvolvidas, avaliar os principais pontos de inova\u00e7\u00e3o das experi\u00eancias desenvolvidas e aprofundar o conhecimento sobre o trabalho cotidiano desenvolvido. As primeiras visitas ser\u00e3o \u00e0 &hellip; <a href=\"http:\/\/apsredes.org\/laboratorio\/gestao-trabalho\/equipes-iniciam-visitas-tecnicas-a-experiencias-inovadores-em-gestao-do-trabalho\/\">continuar<\/a><\/p>\n","protected":false},"author":96,"featured_media":0,"comment_status":"open","ping_status":"open","sticky":false,"template":"","format":"standard","meta":{"_monsterinsights_skip_tracking":false,"_monsterinsights_sitenote_active":false,"_monsterinsights_sitenote_note":"","_monsterinsights_sitenote_category":0},"categories":[14,4],"tags":[],"acf":[],"_links":{"self":[{"href":"http:\/\/apsredes.org\/laboratorio\/gestao-trabalho\/wp-json\/wp\/v2\/posts\/382"}],"collection":[{"href":"http:\/\/apsredes.org\/laboratorio\/gestao-trabalho\/wp-json\/wp\/v2\/posts"}],"about":[{"href":"http:\/\/apsredes.org\/laboratorio\/gestao-trabalho\/wp-json\/wp\/v2\/types\/post"}],"author":[{"embeddable":true,"href":"http:\/\/apsredes.org\/laboratorio\/gestao-trabalho\/wp-json\/wp\/v2\/users\/96"}],"replies":[{"embeddable":true,"href":"http:\/\/apsredes.org\/laboratorio\/gestao-trabalho\/wp-json\/wp\/v2\/comments?post=382"}],"version-history":[{"count":2,"href":"http:\/\/apsredes.org\/laboratorio\/gestao-trabalho\/wp-json\/wp\/v2\/posts\/382\/revisions"}],"predecessor-version":[{"id":384,"href":"http:\/\/apsredes.org\/laboratorio\/gestao-trabalho\/wp-json\/wp\/v2\/posts\/382\/revisions\/384"}],"wp:attachment":[{"href":"http:\/\/apsredes.org\/laboratorio\/gestao-trabalho\/wp-json\/wp\/v2\/media?parent=382"}],"wp:term":[{"taxonomy":"category","embeddable":true,"href":"http:\/\/apsredes.org\/laboratorio\/gestao-trabalho\/wp-json\/wp\/v2\/categories?post=382"},{"taxonomy":"post_tag","embeddable":true,"href":"http:\/\/apsredes.org\/laboratorio\/gestao-trabalho\/wp-json\/wp\/v2\/tags?post=382"}],"curies":[{"name":"wp","href":"https:\/\/api.w.org\/{rel}","templated":true}]}}