{"id":8,"date":"2015-01-26T16:17:23","date_gmt":"2015-01-26T16:17:23","guid":{"rendered":"http:\/\/apsredes.org\/site2013\/experiencia-curitiba\/?p=8"},"modified":"2015-02-04T22:21:48","modified_gmt":"2015-02-04T22:21:48","slug":"apresentacao","status":"publish","type":"post","link":"http:\/\/apsredes.org\/laboratorio\/gestao-trabalho\/experiencia-curitiba\/apresentacao\/","title":{"rendered":"Apresenta\u00e7\u00e3o"},"content":{"rendered":"<p>A Secretaria Municipal de Sa\u00fade de Curitiba, bem como os servi\u00e7os p\u00fablicos de sa\u00fade no Brasil, t\u00eam sido direcionados, nas \u00faltimas d\u00e9cadas, por linhas apontadas pela Organiza\u00e7\u00e3o Mundial da Sa\u00fade e Minist\u00e9rio da Sa\u00fade. A partir da municipaliza\u00e7\u00e3o dos servi\u00e7os e a\u00e7\u00f5es em sa\u00fade, a descentraliza\u00e7\u00e3o tornou-se fato e a Secretaria Municipal da Sa\u00fade necessitou reorganizar suas atividades com programas e projetos agrupados por temas, perfis e setores.<\/p>\n<p>A expans\u00e3o da rede pr\u00f3pria de servi\u00e7os de sa\u00fade, sob uma nova denomina\u00e7\u00e3o &#8220;Unidades de Sa\u00fade&#8221;, passa a ser a porta de entrada dos usu\u00e1rios para todo o sistema. Em 1990 discute-se importantes conceitos: descentraliza\u00e7\u00e3o, distritaliza\u00e7\u00e3o, territorializa\u00e7\u00e3o, vigil\u00e2ncia \u00e0 sa\u00fade, micro\u00e1reas, mapas inteligentes e informantes chaves. Com estas novas formas de gest\u00e3o, foram repassados ao gestor distrital &#8220;Supervisor de Distrito&#8221; e ao gestor local &#8220;Autoridade Sanit\u00e1ria Local&#8221; poderes e responsabilidades quanto \u00e0 sa\u00fade de uma popula\u00e7\u00e3o pertencente \u00e0 \u00e1rea de abrang\u00eancia de sua responsabilidade. Foi necess\u00e1rio avan\u00e7ar em outras \u00e1reas como na Vigil\u00e2ncia Sanit\u00e1ria e Epidemiol\u00f3gica, setores hoje fortemente estruturados para atuarem no sentido de monitorar, prevenir e evitar o agravamento de doen\u00e7as.<\/p>\n<p>Por se encontrar na fun\u00e7\u00e3o de gestora do sistema de sa\u00fade desde 1998, a Secretaria Municipal de Sa\u00fade tem a fun\u00e7\u00e3o de prestar diretamente os servi\u00e7os \u00e0 popula\u00e7\u00e3o, gerenciando a rede pr\u00f3pria, servi\u00e7os de apoio e rede contratada. Neste cen\u00e1rio assume as fun\u00e7\u00f5es de regula\u00e7\u00e3o, controle, avalia\u00e7\u00e3o e auditoria, recebendo e distribuindo os recursos destinados ao pagamento dos servi\u00e7os, contratados pelo sistema de sa\u00fade no Munic\u00edpio*.<\/p>\n<p>\u00c9, portanto, com o objetivo de responder \u00e0s demandas oriundas das especificidades das rela\u00e7\u00f5es de trabalho e dos processos de produ\u00e7\u00e3o em sa\u00fade que surgiram iniciativas internas \u00e0 Secretaria de Sa\u00fade. Tais iniciativas s\u00e3o detectadas desde o in\u00edcio da d\u00e9cada de 90, passando por processos de aprimoramento em 2002 e evoluindo para compor a pol\u00edtica estrat\u00e9gica de gest\u00e3o de pessoas da Prefeitura Municipal de Curitiba.<\/p>\n<p>Apesar de ser uma pol\u00edtica vigente (em processo de revis\u00e3o e adequa\u00e7\u00e3o), o presente estudo tem como foco o per\u00edodo de 2002 a 2007, per\u00edodo este que representa com mais fidelidade os resultados da experi\u00eancia que foi contemplada em 2011 com o Pr\u00eamio InovaSUS. Com o intuito de ampliar o panorama anal\u00edtico, este estudo oferecer\u00e1 tamb\u00e9m informa\u00e7\u00f5es adicionais relativas aos desdobramentos da experi\u00eancia &#8211; 2007 a 2011, bem como \u00e0s perspectivas apresentadas pela nova gest\u00e3o &#8211; 2013.<\/p>\n<p>Neste contexto, a experi\u00eancia de Curitiba coloca-se como uma iniciativa que busca encontrar na constru\u00e7\u00e3o coletiva indicadores de processos e de sa\u00fade, negocia\u00e7\u00e3o de metas, contrato de gest\u00e3o, avalia\u00e7\u00e3o de desempenho com premia\u00e7\u00e3o ao m\u00e9rito e, remunera\u00e7\u00e3o vari\u00e1vel, instrumentos que deem suporte para o Programa de Incentivo ao Desenvolvimento da Qualidade dos Servi\u00e7os na Secretaria Municipal da Sa\u00fade, identificado pela cultura institucional da SMS, genericamente, como \u201cIDQ\u201d.<\/p>\n<p>Objetivos concebidos inicialmente pelo projeto:<\/p>\n<ul>\n<li>Estimular a descentraliza\u00e7\u00e3o da gest\u00e3o<\/li>\n<li>Lotar e propiciar a perman\u00eancia dos profissionais em determinadas Unidades de Sa\u00fade, sobretudo naquelas de maior dificuldade de acesso ou de maior complexidade.<\/li>\n<li>Dar maior responsabilidade aos gestores e equipes locais<\/li>\n<li>Instituir instrumentos e estrat\u00e9gias de gest\u00e3o atrav\u00e9s do planejamento compartilhado e negocia\u00e7\u00e3o de metas<\/li>\n<li>Contribuir no planejamento local<\/li>\n<li>Permitir monitoramento cont\u00ednuo de processos de trabalho<\/li>\n<li>Estimular a utiliza\u00e7\u00e3o de ferramentas e tecnologias de informa\u00e7\u00e3o<\/li>\n<li>Melhorar a gest\u00e3o da cl\u00ednica, Gest\u00e3o da patologia e Gest\u00e3o de caso<\/li>\n<li>Incentivar o envolvimento e compromisso de toda a equipe na busca de resultados<\/li>\n<li>Premiar seu quadro de funcion\u00e1rios pelo m\u00e9rito<\/li>\n<li>Proporcionar maior visibilidade junto ao controle social<\/li>\n<\/ul>\n<p>&nbsp;<\/p>\n<p><em>*In\u00eas Kultech Marty<\/em><\/p>\n<br \/><ul id='sp-sharer-8' class='sp-sharer sp-sharer-default' data-id='8'><li><span class='share-title'>Share Post<\/span><\/li><li><a id='spsharer-twitter-8' class='spsharer spsharer-twitter' title='Share on Twitter' href='http:\/\/twitter.com\/intent\/tweet?text=Apresenta%C3%A7%C3%A3o+http%3A%2F%2Fapsredes.org%2Flaboratorio%2Fgestao-trabalho%2Fexperiencia-curitiba%2Fapresentacao%2F' rel='nofollow'><span>Twitter<\/span><\/a><\/li><li><a id='spsharer-facebook-8' class='spsharer spsharer-facebook' title='Share on Facebook' href='https:\/\/www.facebook.com\/sharer.php?u=http%3A%2F%2Fapsredes.org%2Flaboratorio%2Fgestao-trabalho%2Fexperiencia-curitiba%2Fapresentacao%2F&t=Apresenta%C3%A7%C3%A3o' rel='nofollow'><span>Facebook<\/span><\/a><\/li><li><a id='spsharer-google-8' class='spsharer spsharer-google' title='Share on Google+' href='https:\/\/plus.google.com\/share?url=http%3A%2F%2Fapsredes.org%2Flaboratorio%2Fgestao-trabalho%2Fexperiencia-curitiba%2Fapresentacao%2F' rel='nofollow'><span>Google +1<\/span><\/a><\/li><li><a id='spsharer-mail-8' class='spsharer-email' title='Share by email to a friend' href='http:\/\/apsredes.org\/laboratorio\/gestao-trabalho\/experiencia-curitiba\/apresentacao\/' rel='nofollow'><span>Email<\/span><span class='count'><\/span><\/a><\/li><\/ul>","protected":false},"excerpt":{"rendered":"<p>A experi\u00eancia aqui acompanhada refere-se ao per\u00edodo de 2002 a 2011 e apoia-se em quatro eixos para incentivar a qualidade dos servi\u00e7os: Constru\u00e7\u00e3o e Pactua\u00e7\u00e3o de Indicadores; Contrato de Gest\u00e3o; Sistema de Monitoramento e Avalia\u00e7\u00e3o de Desempenho; e, Remunera\u00e7\u00e3o Vari\u00e1vel.<\/p>\n","protected":false},"author":1,"featured_media":201,"comment_status":"open","ping_status":"open","sticky":false,"template":"","format":"standard","meta":{"_monsterinsights_skip_tracking":false,"_monsterinsights_sitenote_active":false,"_monsterinsights_sitenote_note":"","_monsterinsights_sitenote_category":0},"categories":[2,8],"tags":[],"_links":{"self":[{"href":"http:\/\/apsredes.org\/laboratorio\/gestao-trabalho\/experiencia-curitiba\/wp-json\/wp\/v2\/posts\/8"}],"collection":[{"href":"http:\/\/apsredes.org\/laboratorio\/gestao-trabalho\/experiencia-curitiba\/wp-json\/wp\/v2\/posts"}],"about":[{"href":"http:\/\/apsredes.org\/laboratorio\/gestao-trabalho\/experiencia-curitiba\/wp-json\/wp\/v2\/types\/post"}],"author":[{"embeddable":true,"href":"http:\/\/apsredes.org\/laboratorio\/gestao-trabalho\/experiencia-curitiba\/wp-json\/wp\/v2\/users\/1"}],"replies":[{"embeddable":true,"href":"http:\/\/apsredes.org\/laboratorio\/gestao-trabalho\/experiencia-curitiba\/wp-json\/wp\/v2\/comments?post=8"}],"version-history":[{"count":6,"href":"http:\/\/apsredes.org\/laboratorio\/gestao-trabalho\/experiencia-curitiba\/wp-json\/wp\/v2\/posts\/8\/revisions"}],"predecessor-version":[{"id":199,"href":"http:\/\/apsredes.org\/laboratorio\/gestao-trabalho\/experiencia-curitiba\/wp-json\/wp\/v2\/posts\/8\/revisions\/199"}],"wp:featuredmedia":[{"embeddable":true,"href":"http:\/\/apsredes.org\/laboratorio\/gestao-trabalho\/experiencia-curitiba\/wp-json\/wp\/v2\/media\/201"}],"wp:attachment":[{"href":"http:\/\/apsredes.org\/laboratorio\/gestao-trabalho\/experiencia-curitiba\/wp-json\/wp\/v2\/media?parent=8"}],"wp:term":[{"taxonomy":"category","embeddable":true,"href":"http:\/\/apsredes.org\/laboratorio\/gestao-trabalho\/experiencia-curitiba\/wp-json\/wp\/v2\/categories?post=8"},{"taxonomy":"post_tag","embeddable":true,"href":"http:\/\/apsredes.org\/laboratorio\/gestao-trabalho\/experiencia-curitiba\/wp-json\/wp\/v2\/tags?post=8"}],"curies":[{"name":"wp","href":"https:\/\/api.w.org\/{rel}","templated":true}]}}