{"id":63,"date":"2015-03-09T02:04:08","date_gmt":"2015-03-09T02:04:08","guid":{"rendered":"http:\/\/apsredes.org\/site2013\/experiencia-betim\/?p=63"},"modified":"2015-03-09T02:04:08","modified_gmt":"2015-03-09T02:04:08","slug":"documentos-de-referencia","status":"publish","type":"post","link":"http:\/\/apsredes.org\/laboratorio\/gestao-trabalho\/experiencia-betim\/documentos-de-referencia\/","title":{"rendered":"Documentos de Refer\u00eancia"},"content":{"rendered":"<p><strong><span style=\"text-decoration: underline\"><span style=\"color: #3366ff\"><a href=\"http:\/\/apsredes.org\/site2013\/experiencia-betim\/files\/2015\/03\/passoapasso-mesas.pdf\"><span style=\"color: #3366ff;text-decoration: underline\">Passo a passo da Mesa Nacional de Negocia\u00e7\u00e3o Permanente &#8211; MNNP do SUS<\/span><\/a><\/span><\/span><br \/>\n<\/strong>Documento cont\u00e9m informa\u00e7\u00f5es necess\u00e1rias para a instala\u00e7\u00e3o da Mesa Negocia\u00e7\u00e3o Permanente do SUS conforme orienta\u00e7\u00f5es do protocolo no. 02\/ 2003 da MNNP SUS<\/p>\n<p><strong><span style=\"text-decoration: underline\"><span style=\"color: #3366ff\"><a href=\"http:\/\/apsredes.org\/site2013\/experiencia-betim\/files\/2015\/03\/inova-betim-apresent_ppt.pdf\"><span style=\"color: #3366ff;text-decoration: underline\">Apresenta\u00e7\u00e3o da experi\u00eancia da MNNP do SUS Betim \u2013 premiada pelo INOVASUS<\/span><\/a><\/span><\/span><br \/>\n<\/strong>Apresenta\u00e7\u00e3o da experi\u00eancia da Mesa Municipal de Negocia\u00e7\u00e3o Permanente do SUS de Betim \u2013 Pr\u00eamio Inova SUS &#8211; ppt<\/p>\n<p><strong><span style=\"text-decoration: underline\"><span style=\"color: #3366ff\"><a href=\"http:\/\/apsredes.org\/site2013\/experiencia-betim\/files\/2015\/03\/efetiva\u00e7\u00e3o-betim.pdf\"><span style=\"color: #3366ff;text-decoration: underline\">Efetiva\u00e7\u00e3o da pol\u00edtica de gest\u00e3o do trabalho no munic\u00edpio de Betim<\/span><\/a><\/span><\/span><br \/>\n<\/strong>Aexperi\u00eancia da Mesa Municipal de Negocia\u00e7\u00e3o Permanente \u2013 MNNP do SUS de Betim<\/p>\n<p><strong><span style=\"text-decoration: underline\"><span style=\"color: #3366ff\"><a href=\"http:\/\/apsredes.org\/site2013\/experiencia-betim\/files\/2015\/03\/democratiza\u00e7\u00e3o-mesa.pdf\"><span style=\"color: #3366ff;text-decoration: underline\">Democratiza\u00e7\u00e3o das rela\u00e7\u00f5es de trabalho no SUS<\/span><\/a><\/span><\/span><br \/>\n<\/strong>Agenda, prioridades, protocolos e resolu\u00e7\u00f5es da MNNP SUS<\/p>\n<p><span style=\"text-decoration: underline\"><span style=\"color: #3366ff\"><strong><a href=\"http:\/\/apsredes.org\/site2013\/experiencia-betim\/files\/2015\/03\/Visita-T\u00e9cnica_Betim-1.pdf\" target=\"_blank\"><span style=\"color: #3366ff;text-decoration: underline\">A Experi\u00eancia da Negocia\u00e7\u00e3o Coletiva\u00a0na Secretaria Municipal de Sa\u00fade de Betim<\/span><\/a><\/strong><\/span><\/span><br \/>\nDocumento de autoria de Jorge Luiz de Castro, especialista em Gest\u00e3o do Trabalho e da Educa\u00e7\u00e3o na Sa\u00fade, relata a experi\u00eancia da negocia\u00e7\u00e3o coletiva na Secretaria Municipal de Sa\u00fade de Betim.<\/p>\n<br \/><ul id='sp-sharer-63' class='sp-sharer sp-sharer-default' data-id='63'><li><span class='share-title'>Share Post<\/span><\/li><li><a id='spsharer-twitter-63' class='spsharer spsharer-twitter' title='Share on Twitter' href='http:\/\/twitter.com\/intent\/tweet?text=Documentos+de+Refer%C3%AAncia+http%3A%2F%2Fapsredes.org%2Flaboratorio%2Fgestao-trabalho%2Fexperiencia-betim%2Fdocumentos-de-referencia%2F' rel='nofollow'><span>Twitter<\/span><\/a><\/li><li><a id='spsharer-facebook-63' class='spsharer spsharer-facebook' title='Share on Facebook' href='https:\/\/www.facebook.com\/sharer.php?u=http%3A%2F%2Fapsredes.org%2Flaboratorio%2Fgestao-trabalho%2Fexperiencia-betim%2Fdocumentos-de-referencia%2F&t=Documentos+de+Refer%C3%AAncia' rel='nofollow'><span>Facebook<\/span><\/a><\/li><li><a id='spsharer-google-63' class='spsharer spsharer-google' title='Share on Google+' href='https:\/\/plus.google.com\/share?url=http%3A%2F%2Fapsredes.org%2Flaboratorio%2Fgestao-trabalho%2Fexperiencia-betim%2Fdocumentos-de-referencia%2F' rel='nofollow'><span>Google +1<\/span><\/a><\/li><li><a id='spsharer-mail-63' class='spsharer-email' title='Share by email to a friend' href='http:\/\/apsredes.org\/laboratorio\/gestao-trabalho\/experiencia-betim\/documentos-de-referencia\/' rel='nofollow'><span>Email<\/span><span class='count'><\/span><\/a><\/li><\/ul>","protected":false},"excerpt":{"rendered":"<p>Passo a passo da Mesa Nacional de Negocia\u00e7\u00e3o Permanente &#8211; MNNP do SUS Documento cont\u00e9m informa\u00e7\u00f5es necess\u00e1rias para a instala\u00e7\u00e3o da Mesa Negocia\u00e7\u00e3o Permanente do SUS conforme orienta\u00e7\u00f5es do protocolo no. 02\/ 2003 da MNNP SUS Apresenta\u00e7\u00e3o da experi\u00eancia da MNNP do SUS Betim \u2013 premiada pelo INOVASUS Apresenta\u00e7\u00e3o da experi\u00eancia da Mesa Municipal de &hellip; <a class=\"read-more\" href=\"http:\/\/apsredes.org\/laboratorio\/gestao-trabalho\/experiencia-betim\/documentos-de-referencia\/\">\u00edntegra <span class=\"glyphicon glyphicon-chevron-right\"> <\/a><\/p>\n","protected":false},"author":1,"featured_media":57,"comment_status":"open","ping_status":"open","sticky":false,"template":"","format":"standard","meta":{"_monsterinsights_skip_tracking":false,"_monsterinsights_sitenote_active":false,"_monsterinsights_sitenote_note":"","_monsterinsights_sitenote_category":0},"categories":[6],"tags":[],"_links":{"self":[{"href":"http:\/\/apsredes.org\/laboratorio\/gestao-trabalho\/experiencia-betim\/wp-json\/wp\/v2\/posts\/63"}],"collection":[{"href":"http:\/\/apsredes.org\/laboratorio\/gestao-trabalho\/experiencia-betim\/wp-json\/wp\/v2\/posts"}],"about":[{"href":"http:\/\/apsredes.org\/laboratorio\/gestao-trabalho\/experiencia-betim\/wp-json\/wp\/v2\/types\/post"}],"author":[{"embeddable":true,"href":"http:\/\/apsredes.org\/laboratorio\/gestao-trabalho\/experiencia-betim\/wp-json\/wp\/v2\/users\/1"}],"replies":[{"embeddable":true,"href":"http:\/\/apsredes.org\/laboratorio\/gestao-trabalho\/experiencia-betim\/wp-json\/wp\/v2\/comments?post=63"}],"version-history":[{"count":0,"href":"http:\/\/apsredes.org\/laboratorio\/gestao-trabalho\/experiencia-betim\/wp-json\/wp\/v2\/posts\/63\/revisions"}],"wp:featuredmedia":[{"embeddable":true,"href":"http:\/\/apsredes.org\/laboratorio\/gestao-trabalho\/experiencia-betim\/wp-json\/wp\/v2\/media\/57"}],"wp:attachment":[{"href":"http:\/\/apsredes.org\/laboratorio\/gestao-trabalho\/experiencia-betim\/wp-json\/wp\/v2\/media?parent=63"}],"wp:term":[{"taxonomy":"category","embeddable":true,"href":"http:\/\/apsredes.org\/laboratorio\/gestao-trabalho\/experiencia-betim\/wp-json\/wp\/v2\/categories?post=63"},{"taxonomy":"post_tag","embeddable":true,"href":"http:\/\/apsredes.org\/laboratorio\/gestao-trabalho\/experiencia-betim\/wp-json\/wp\/v2\/tags?post=63"}],"curies":[{"name":"wp","href":"https:\/\/api.w.org\/{rel}","templated":true}]}}