{"id":46,"date":"2015-03-09T01:50:16","date_gmt":"2015-03-09T01:50:16","guid":{"rendered":"http:\/\/apsredes.org\/site2013\/experiencia-betim\/?p=46"},"modified":"2015-03-09T01:50:16","modified_gmt":"2015-03-09T01:50:16","slug":"perspectivas","status":"publish","type":"post","link":"http:\/\/apsredes.org\/laboratorio\/gestao-trabalho\/experiencia-betim\/perspectivas\/","title":{"rendered":"Perspectivas"},"content":{"rendered":"<p>O ac\u00famulo de experi\u00eancia no campo da negocia\u00e7\u00e3o coletiva, especialmente, atrav\u00e9s da institucionaliza\u00e7\u00e3o de um espa\u00e7o \u00a0formal onde essa negocia\u00e7\u00e3o aconte\u00e7a democraticamente, segundo as observa\u00e7\u00f5es registradas a partir das falas dos entrevistados durante toda a visita t\u00e9cnica, confere a MMNP-SUS\/BETIM autoridade para contribuir com o processo de cria\u00e7\u00e3o de outras Mesas Municipais de Negocia\u00e7\u00e3o Permanente do SUS, inclusive, a arvorar-se na perspectiva de conduzir o processo \u00a0de cria\u00e7\u00e3o de uma Mesa Regional de Negocia\u00e7\u00e3o Permanente do SUS.<\/p>\n<br \/><ul id='sp-sharer-46' class='sp-sharer sp-sharer-default' data-id='46'><li><span class='share-title'>Share Post<\/span><\/li><li><a id='spsharer-twitter-46' class='spsharer spsharer-twitter' title='Share on Twitter' href='http:\/\/twitter.com\/intent\/tweet?text=Perspectivas+http%3A%2F%2Fapsredes.org%2Flaboratorio%2Fgestao-trabalho%2Fexperiencia-betim%2Fperspectivas%2F' rel='nofollow'><span>Twitter<\/span><\/a><\/li><li><a id='spsharer-facebook-46' class='spsharer spsharer-facebook' title='Share on Facebook' href='https:\/\/www.facebook.com\/sharer.php?u=http%3A%2F%2Fapsredes.org%2Flaboratorio%2Fgestao-trabalho%2Fexperiencia-betim%2Fperspectivas%2F&t=Perspectivas' rel='nofollow'><span>Facebook<\/span><\/a><\/li><li><a id='spsharer-google-46' class='spsharer spsharer-google' title='Share on Google+' href='https:\/\/plus.google.com\/share?url=http%3A%2F%2Fapsredes.org%2Flaboratorio%2Fgestao-trabalho%2Fexperiencia-betim%2Fperspectivas%2F' rel='nofollow'><span>Google +1<\/span><\/a><\/li><li><a id='spsharer-mail-46' class='spsharer-email' title='Share by email to a friend' href='http:\/\/apsredes.org\/laboratorio\/gestao-trabalho\/experiencia-betim\/perspectivas\/' rel='nofollow'><span>Email<\/span><span class='count'><\/span><\/a><\/li><\/ul>","protected":false},"excerpt":{"rendered":"<p>Contribuir com o processo de cria\u00e7\u00e3o de outras Mesas Municipais de Negocia\u00e7\u00e3o Permanente do SUS, inclusive, a arvorar-se na perspectiva de conduzir o processo de cria\u00e7\u00e3o de uma Mesa Regional de Negocia\u00e7\u00e3o Permanente do SUS.<\/p>\n","protected":false},"author":1,"featured_media":98,"comment_status":"open","ping_status":"open","sticky":false,"template":"","format":"standard","meta":{"_monsterinsights_skip_tracking":false,"_monsterinsights_sitenote_active":false,"_monsterinsights_sitenote_note":"","_monsterinsights_sitenote_category":0},"categories":[8,11],"tags":[],"_links":{"self":[{"href":"http:\/\/apsredes.org\/laboratorio\/gestao-trabalho\/experiencia-betim\/wp-json\/wp\/v2\/posts\/46"}],"collection":[{"href":"http:\/\/apsredes.org\/laboratorio\/gestao-trabalho\/experiencia-betim\/wp-json\/wp\/v2\/posts"}],"about":[{"href":"http:\/\/apsredes.org\/laboratorio\/gestao-trabalho\/experiencia-betim\/wp-json\/wp\/v2\/types\/post"}],"author":[{"embeddable":true,"href":"http:\/\/apsredes.org\/laboratorio\/gestao-trabalho\/experiencia-betim\/wp-json\/wp\/v2\/users\/1"}],"replies":[{"embeddable":true,"href":"http:\/\/apsredes.org\/laboratorio\/gestao-trabalho\/experiencia-betim\/wp-json\/wp\/v2\/comments?post=46"}],"version-history":[{"count":0,"href":"http:\/\/apsredes.org\/laboratorio\/gestao-trabalho\/experiencia-betim\/wp-json\/wp\/v2\/posts\/46\/revisions"}],"wp:featuredmedia":[{"embeddable":true,"href":"http:\/\/apsredes.org\/laboratorio\/gestao-trabalho\/experiencia-betim\/wp-json\/wp\/v2\/media\/98"}],"wp:attachment":[{"href":"http:\/\/apsredes.org\/laboratorio\/gestao-trabalho\/experiencia-betim\/wp-json\/wp\/v2\/media?parent=46"}],"wp:term":[{"taxonomy":"category","embeddable":true,"href":"http:\/\/apsredes.org\/laboratorio\/gestao-trabalho\/experiencia-betim\/wp-json\/wp\/v2\/categories?post=46"},{"taxonomy":"post_tag","embeddable":true,"href":"http:\/\/apsredes.org\/laboratorio\/gestao-trabalho\/experiencia-betim\/wp-json\/wp\/v2\/tags?post=46"}],"curies":[{"name":"wp","href":"https:\/\/api.w.org\/{rel}","templated":true}]}}