{"id":15,"date":"2015-03-09T01:19:40","date_gmt":"2015-03-09T01:19:40","guid":{"rendered":"http:\/\/apsredes.org\/site2013\/experiencia-betim\/?p=15"},"modified":"2015-03-09T01:19:40","modified_gmt":"2015-03-09T01:19:40","slug":"mesa-nacional-de-negociacao-permanente-do-sus","status":"publish","type":"post","link":"http:\/\/apsredes.org\/laboratorio\/gestao-trabalho\/experiencia-betim\/mesa-nacional-de-negociacao-permanente-do-sus\/","title":{"rendered":"Mesa Nacional de Negocia\u00e7\u00e3o Permanente do SUS"},"content":{"rendered":"<p>Criada e aprovada atrav\u00e9s da Resolu\u00e7\u00e3o n\u00ba 52 do Conselho Nacional de Sa\u00fade (CNS) em maio de 1993, a Mesa Nacional de Negocia\u00e7\u00e3o Permanente do SUS (MNNP-SUS), \u00e9 um f\u00f3rum parit\u00e1rio e permanente de negocia\u00e7\u00e3o entre gestores p\u00fablicos, prestadores de servi\u00e7os privados do setor sa\u00fade e entidades sindicais nacionais representativas dos trabalhadores da sa\u00fade, com amparo legal nos artigos n\u00ba 198 e 199 da Constitui\u00e7\u00e3o Federal e na Lei 8.080, de 19 de setembro de 1990.<\/p>\n<p>Com foco e atua\u00e7\u00e3o na democratiza\u00e7\u00e3o das rela\u00e7\u00f5es de trabalho na sa\u00fade, a Mesa Nacional foi reinstalada pela terceira vez no ano de 2003, e desde ent\u00e3o vem realizando suas atividades ininterruptamente, colecionando em seu portf\u00f3lio, 08 (oito) Protocolos, documentos estes que formalizam decis\u00f5es pactuadas na Mesa, e que apontam e traduzem diretrizes nacionais para Estados, Munic\u00edpios e Distrito Federal acerca da implanta\u00e7\u00e3o e implementa\u00e7\u00e3o de Pol\u00edticas P\u00fablicas da Gest\u00e3o do Trabalho no \u00e2mbito do Sistema \u00danico de Sa\u00fade (SUS), contribuindo sobretudo para a reafirma\u00e7\u00e3o dos princ\u00edpios deste.<strong>\u00a0<\/strong><\/p>\n<p><strong>SAIBA MAIS acessando o <span style=\"text-decoration: underline\"><span style=\"color: #3366ff;text-decoration: underline\"><a href=\"http:\/\/apsredes.org\/site2013\/experiencia-betim\/files\/2015\/03\/passoapasso-mesas.pdf\" target=\"_blank\"><span style=\"color: #3366ff;text-decoration: underline\">Passo a passo da Mesa Nacional de Negocia\u00e7\u00e3o Permanente &#8211;<\/span><\/a><\/span><\/span><\/strong><span style=\"text-decoration: underline\"><span style=\"color: #3366ff;text-decoration: underline\"><a href=\"http:\/\/apsredes.org\/site2013\/experiencia-betim\/files\/2015\/03\/passoapasso-mesas.pdf\" target=\"_blank\"><span style=\"color: #3366ff;text-decoration: underline\"> <strong>MNNP do SUS<\/strong><\/span><\/a><\/span><\/span><\/p>\n<br \/><ul id='sp-sharer-15' class='sp-sharer sp-sharer-default' data-id='15'><li><span class='share-title'>Share Post<\/span><\/li><li><a id='spsharer-twitter-15' class='spsharer spsharer-twitter' title='Share on Twitter' href='http:\/\/twitter.com\/intent\/tweet?text=Mesa+Nacional+de+Negocia%C3%A7%C3%A3o+Permanente+do+SUS+http%3A%2F%2Fapsredes.org%2Flaboratorio%2Fgestao-trabalho%2Fexperiencia-betim%2Fmesa-nacional-de-negociacao-permanente-do-sus%2F' rel='nofollow'><span>Twitter<\/span><\/a><\/li><li><a id='spsharer-facebook-15' class='spsharer spsharer-facebook' title='Share on Facebook' href='https:\/\/www.facebook.com\/sharer.php?u=http%3A%2F%2Fapsredes.org%2Flaboratorio%2Fgestao-trabalho%2Fexperiencia-betim%2Fmesa-nacional-de-negociacao-permanente-do-sus%2F&t=Mesa+Nacional+de+Negocia%C3%A7%C3%A3o+Permanente+do+SUS' rel='nofollow'><span>Facebook<\/span><\/a><\/li><li><a id='spsharer-google-15' class='spsharer spsharer-google' title='Share on Google+' href='https:\/\/plus.google.com\/share?url=http%3A%2F%2Fapsredes.org%2Flaboratorio%2Fgestao-trabalho%2Fexperiencia-betim%2Fmesa-nacional-de-negociacao-permanente-do-sus%2F' rel='nofollow'><span>Google +1<\/span><\/a><\/li><li><a id='spsharer-mail-15' class='spsharer-email' title='Share by email to a friend' href='http:\/\/apsredes.org\/laboratorio\/gestao-trabalho\/experiencia-betim\/mesa-nacional-de-negociacao-permanente-do-sus\/' rel='nofollow'><span>Email<\/span><span class='count'><\/span><\/a><\/li><\/ul>","protected":false},"excerpt":{"rendered":"<p>A Mesa Nacional de Negocia\u00e7\u00e3o Permanente do Sistema \u00danico de Sa\u00fade (MNNP-SUS) \u00e9 um f\u00f3rum parit\u00e1rio e permanente de negocia\u00e7\u00e3o, que re\u00fane gestores p\u00fablicos, prestadores de servi\u00e7os privados da sa\u00fade e entidades sindicais nacionais representativas dos trabalhadores da sa\u00fade. <\/p>\n","protected":false},"author":1,"featured_media":160,"comment_status":"open","ping_status":"open","sticky":false,"template":"","format":"standard","meta":{"_monsterinsights_skip_tracking":false,"_monsterinsights_sitenote_active":false,"_monsterinsights_sitenote_note":"","_monsterinsights_sitenote_category":0},"categories":[5,11],"tags":[],"_links":{"self":[{"href":"http:\/\/apsredes.org\/laboratorio\/gestao-trabalho\/experiencia-betim\/wp-json\/wp\/v2\/posts\/15"}],"collection":[{"href":"http:\/\/apsredes.org\/laboratorio\/gestao-trabalho\/experiencia-betim\/wp-json\/wp\/v2\/posts"}],"about":[{"href":"http:\/\/apsredes.org\/laboratorio\/gestao-trabalho\/experiencia-betim\/wp-json\/wp\/v2\/types\/post"}],"author":[{"embeddable":true,"href":"http:\/\/apsredes.org\/laboratorio\/gestao-trabalho\/experiencia-betim\/wp-json\/wp\/v2\/users\/1"}],"replies":[{"embeddable":true,"href":"http:\/\/apsredes.org\/laboratorio\/gestao-trabalho\/experiencia-betim\/wp-json\/wp\/v2\/comments?post=15"}],"version-history":[{"count":0,"href":"http:\/\/apsredes.org\/laboratorio\/gestao-trabalho\/experiencia-betim\/wp-json\/wp\/v2\/posts\/15\/revisions"}],"wp:featuredmedia":[{"embeddable":true,"href":"http:\/\/apsredes.org\/laboratorio\/gestao-trabalho\/experiencia-betim\/wp-json\/wp\/v2\/media\/160"}],"wp:attachment":[{"href":"http:\/\/apsredes.org\/laboratorio\/gestao-trabalho\/experiencia-betim\/wp-json\/wp\/v2\/media?parent=15"}],"wp:term":[{"taxonomy":"category","embeddable":true,"href":"http:\/\/apsredes.org\/laboratorio\/gestao-trabalho\/experiencia-betim\/wp-json\/wp\/v2\/categories?post=15"},{"taxonomy":"post_tag","embeddable":true,"href":"http:\/\/apsredes.org\/laboratorio\/gestao-trabalho\/experiencia-betim\/wp-json\/wp\/v2\/tags?post=15"}],"curies":[{"name":"wp","href":"https:\/\/api.w.org\/{rel}","templated":true}]}}