{"id":46,"date":"2015-04-17T17:55:43","date_gmt":"2015-04-17T17:55:43","guid":{"rendered":"http:\/\/apsredes.org\/site2013\/experiencia-bahia\/?p=46"},"modified":"2015-04-17T17:55:43","modified_gmt":"2015-04-17T17:55:43","slug":"potencial-da-iniciativa","status":"publish","type":"post","link":"http:\/\/apsredes.org\/laboratorio\/gestao-trabalho\/experiencia-bahia\/potencial-da-iniciativa\/","title":{"rendered":"Potencial da Iniciativa"},"content":{"rendered":"<p>O potencial da iniciativa \u00e9 considerado de grande amplitude, tendo como componentes principais, al\u00e9m do estabelecimento de uma carreira de abrang\u00eancia estadual, celetista, com vantagens remunerat\u00f3rias, oferta de seguran\u00e7a jur\u00eddica e mobilidade para os trabalhadores.<\/p>\n<p>O controle ou atenua\u00e7\u00e3o do mercado predat\u00f3rio, bem como da instabilidade das equipes e das rela\u00e7\u00f5es prec\u00e1rias de trabalho; a constitui\u00e7\u00e3o de uma regula\u00e7\u00e3o p\u00fablica, transparente e democr\u00e1tica da sele\u00e7\u00e3o, distribui\u00e7\u00e3o, mobiliza\u00e7\u00e3o, forma\u00e7\u00e3o, educa\u00e7\u00e3o, progress\u00e3o, avalia\u00e7\u00e3o e remunera\u00e7\u00e3o dos trabalhadores de sa\u00fade eram aspectos que faziam parte dos objetivos da cria\u00e7\u00e3o da FESF SUS. Possibilitou-se, assim, maior investimento na for\u00e7a de trabalho em sa\u00fade, reconhecendo e garantindo os direitos trabalhistas,com mais seguran\u00e7a institucional; a democratiza\u00e7\u00e3o da participa\u00e7\u00e3o nas decis\u00f5es relacionadas \u00e0 gest\u00e3o do trabalho e da educa\u00e7\u00e3o na sa\u00fade; a valoriza\u00e7\u00e3o da carreira de sa\u00fade da fam\u00edlia, com prioridade para a forma\u00e7\u00e3o e educa\u00e7\u00e3o permanente, al\u00e9m da satisfa\u00e7\u00e3o dos trabalhadores; a fixa\u00e7\u00e3o profissional com maior longitudinalidade e qualidade do cuidado, v\u00ednculo com os usu\u00e1rios e comunidade, consolida\u00e7\u00e3o do trabalho em equipe; a qualifica\u00e7\u00e3o da gest\u00e3o do processo de trabalho e da educa\u00e7\u00e3o no trabalho em sa\u00fade no \u00e2mbito municipal, possibilitando avan\u00e7os na transforma\u00e7\u00e3o efetiva do modelo tecno-assistencial. Expectativa adicional \u00e9 que ocorra car\u00e1ter multiplicador na amplia\u00e7\u00e3o da oferta e da mobilidade dos trabalhadores entre os postos de trabalho, favorecendo, assim, as pol\u00edticas de promo\u00e7\u00e3o da equidade em sa\u00fade.<\/p>\n<p>Entre as expectativas primordiais foi considerada tamb\u00e9m a possibilidade de participa\u00e7\u00e3o efetiva do governo federal no conv\u00eanio de coopera\u00e7\u00e3o t\u00e9cnica firmado entre munic\u00edpios e governo do estado da Bahia, de forma a incrementar a participa\u00e7\u00e3o no financiamento da FESF, demandando servi\u00e7os e participando dos mecanismos de gest\u00e3o compartilhada da funda\u00e7\u00e3o.<\/p>\n<p>Aspecto positivo da iniciativa foi a amplia\u00e7\u00e3o dos processos negocia\u00e7\u00e3o coletiva com os sindicatos, considerado como muito f\u00e9rtil, inclusive nas contribui\u00e7\u00f5es a revis\u00f5es futuras do PECS, oportunidades incrementadas especialmente a partir da instala\u00e7\u00e3o de uma mesa local de negocia\u00e7\u00e3o permanente do pra FESF-SUS, nos moldes da mesa nacional, e como base local da mesa estadual.<\/p>\n<p>Nos dois anos iniciais da implanta\u00e7\u00e3o da FESF-SUS foram realizados dois concursos p\u00fablicos (um para todos os empregos e um segundo apenas para m\u00e9dicos e contadores), com grande procura dos candidatos (mais de 13 mil trabalhadores inscritos).<\/p>\n<br \/><ul id='sp-sharer-46' class='sp-sharer sp-sharer-default' data-id='46'><li><span class='share-title'>Share Post<\/span><\/li><li><a id='spsharer-twitter-46' class='spsharer spsharer-twitter' title='Share on Twitter' href='http:\/\/twitter.com\/intent\/tweet?text=Potencial+da+Iniciativa+http%3A%2F%2Fapsredes.org%2Flaboratorio%2Fgestao-trabalho%2Fexperiencia-bahia%2Fpotencial-da-iniciativa%2F' rel='nofollow'><span>Twitter<\/span><\/a><\/li><li><a id='spsharer-facebook-46' class='spsharer spsharer-facebook' title='Share on Facebook' href='https:\/\/www.facebook.com\/sharer.php?u=http%3A%2F%2Fapsredes.org%2Flaboratorio%2Fgestao-trabalho%2Fexperiencia-bahia%2Fpotencial-da-iniciativa%2F&t=Potencial+da+Iniciativa' rel='nofollow'><span>Facebook<\/span><\/a><\/li><li><a id='spsharer-google-46' class='spsharer spsharer-google' title='Share on Google+' href='https:\/\/plus.google.com\/share?url=http%3A%2F%2Fapsredes.org%2Flaboratorio%2Fgestao-trabalho%2Fexperiencia-bahia%2Fpotencial-da-iniciativa%2F' rel='nofollow'><span>Google +1<\/span><\/a><\/li><li><a id='spsharer-mail-46' class='spsharer-email' title='Share by email to a friend' href='http:\/\/apsredes.org\/laboratorio\/gestao-trabalho\/experiencia-bahia\/potencial-da-iniciativa\/' rel='nofollow'><span>Email<\/span><span class='count'><\/span><\/a><\/li><\/ul>","protected":false},"excerpt":{"rendered":"<p>O potencial da iniciativa \u00e9 considerado de grande amplitude, tendo como componentes principais, al\u00e9m do estabelecimento de uma carreira de abrang\u00eancia estadual, celetista, com vantagens remunerat\u00f3rias, oferta de seguran\u00e7a jur\u00eddica e mobilidade para os trabalhadores.<\/p>\n","protected":false},"author":1,"featured_media":48,"comment_status":"open","ping_status":"open","sticky":false,"template":"","format":"standard","meta":{"_monsterinsights_skip_tracking":false,"_monsterinsights_sitenote_active":false,"_monsterinsights_sitenote_note":"","_monsterinsights_sitenote_category":0},"categories":[7,11],"tags":[],"_links":{"self":[{"href":"http:\/\/apsredes.org\/laboratorio\/gestao-trabalho\/experiencia-bahia\/wp-json\/wp\/v2\/posts\/46"}],"collection":[{"href":"http:\/\/apsredes.org\/laboratorio\/gestao-trabalho\/experiencia-bahia\/wp-json\/wp\/v2\/posts"}],"about":[{"href":"http:\/\/apsredes.org\/laboratorio\/gestao-trabalho\/experiencia-bahia\/wp-json\/wp\/v2\/types\/post"}],"author":[{"embeddable":true,"href":"http:\/\/apsredes.org\/laboratorio\/gestao-trabalho\/experiencia-bahia\/wp-json\/wp\/v2\/users\/1"}],"replies":[{"embeddable":true,"href":"http:\/\/apsredes.org\/laboratorio\/gestao-trabalho\/experiencia-bahia\/wp-json\/wp\/v2\/comments?post=46"}],"version-history":[{"count":0,"href":"http:\/\/apsredes.org\/laboratorio\/gestao-trabalho\/experiencia-bahia\/wp-json\/wp\/v2\/posts\/46\/revisions"}],"wp:featuredmedia":[{"embeddable":true,"href":"http:\/\/apsredes.org\/laboratorio\/gestao-trabalho\/experiencia-bahia\/wp-json\/wp\/v2\/media\/48"}],"wp:attachment":[{"href":"http:\/\/apsredes.org\/laboratorio\/gestao-trabalho\/experiencia-bahia\/wp-json\/wp\/v2\/media?parent=46"}],"wp:term":[{"taxonomy":"category","embeddable":true,"href":"http:\/\/apsredes.org\/laboratorio\/gestao-trabalho\/experiencia-bahia\/wp-json\/wp\/v2\/categories?post=46"},{"taxonomy":"post_tag","embeddable":true,"href":"http:\/\/apsredes.org\/laboratorio\/gestao-trabalho\/experiencia-bahia\/wp-json\/wp\/v2\/tags?post=46"}],"curies":[{"name":"wp","href":"https:\/\/api.w.org\/{rel}","templated":true}]}}