{"id":29,"date":"2015-09-15T21:37:29","date_gmt":"2015-09-15T21:37:29","guid":{"rendered":"http:\/\/apsredes.org\/site2013\/experiencia-bahia-acs\/?p=29"},"modified":"2015-09-15T21:37:29","modified_gmt":"2015-09-15T21:37:29","slug":"licoes-aprendidas","status":"publish","type":"post","link":"http:\/\/apsredes.org\/laboratorio\/gestao-trabalho\/experiencia-bahia-acs\/licoes-aprendidas\/","title":{"rendered":"Li\u00e7\u00f5es Aprendidas"},"content":{"rendered":"<p>O processo de desprecariza\u00e7\u00e3o de v\u00ednculos de trabalho vivenciado na Bahia \u00e9 rico em ensinamentos, sem d\u00favida. Mesmo os obst\u00e1culos e limita\u00e7\u00f5es que naturalmente est\u00e3o antepostos ao mesmo t\u00eam servido como fonte de reflex\u00e3o e mudan\u00e7a de rumos.<\/p>\n<p>A rela\u00e7\u00e3o abaixo mostra uma s\u00edntese de tais quest\u00f5es e nela, certamente, muitos t\u00f3picos poder\u00e3o mostrar import\u00e2ncia pedag\u00f3gica para outros gestores do SUS que se disponham a trilhar tal caminho.<br \/>\n1. Continuidade, qualifica\u00e7\u00e3o e ades\u00e3o das equipes t\u00e9cnicas gestoras, sejam diretamente envolvidas ou na condi\u00e7\u00e3o de \u201capoiadores\u201d, em organiza\u00e7\u00e3o matricial, \u00e9 fundamental para a efic\u00e1cia do processo.<br \/>\n2. Atores e dirigentes estrat\u00e9gicos s\u00e3o sempre lembrados de forma personificada, demonstrando o papel e a import\u00e2ncia, muitas vezes negligenciados no SUS, das lideran\u00e7as, formalmente constitu\u00eddas ou n\u00e3o.<br \/>\n3. Articula\u00e7\u00e3o e sintonia s\u00e3o essenciais, envolvendo, preliminarmente a estrutura de gest\u00e3o do estado (UF) e os munic\u00edpios, mas incluindo, como j\u00e1 citado antes, muitos outros atores sociais e institucionais, dentro de uma estrat\u00e9gia de a\u00e7\u00e3o intersetorial e parcerias diversas.<br \/>\n4. Apoio externo tamb\u00e9m \u00e9 fundamental, destacando-se entre outros entes, o Minist\u00e9rio da Sa\u00fade, a Universidade, o Minist\u00e9rio P\u00fablico do Trabalho.<br \/>\n5. \u00canfase na qualifica\u00e7\u00e3o, abrangendo n\u00e3o s\u00f3 os agentes que constituem objeto primordial da pol\u00edtica (ACS e ACE), mas tamb\u00e9m as equipes t\u00e9cnicas e apoiadores, incluindo necessariamente entre os conte\u00fados aqueles referentes \u00e0 filosofia e estrutura do SUS, destacando-se a express\u00e3o \u201ccaixa de ferramentas\u201d para enfeixar o conjunto de manuais, normas e cartilhas produzidas com objetivo de informar e capacitar os interessados, sempre com clareza e boa orienta\u00e7\u00e3o comunicativa.<br \/>\n6. Utiliza\u00e7\u00e3o de equipes de forma\u00e7\u00e3o matricial, contando com apoiadores de outras \u00e1reas, como educa\u00e7\u00e3o, setor jur\u00eddico, extens\u00e3o rural e outras, embora as previs\u00edveis limita\u00e7\u00f5es resultantes das flutua\u00e7\u00f5es de tal apoio por parte das respectivas institui\u00e7\u00f5es de empr\u00e9stimo.<br \/>\n7. S\u00e3o experi\u00eancias que geram mudan\u00e7as diretas no foco almejado (desprecariza\u00e7\u00e3o de v\u00ednculos), mas tamb\u00e9m produzem interc\u00e2mbios e aprendizado, com expressivos ganhos simb\u00f3licos \u2013 e \u00e9 preciso estar atento para este ganho marginal.<br \/>\n8. Recomenda-se postura autocr\u00edtica de todos os atores do processo, com disposi\u00e7\u00e3o permanente para revisar, fazer autocr\u00edtica, reorientar, tra\u00e7ar novos planos.<br \/>\n9. Dado o panorama legal intrincado, o apoio das Procuradorias Jur\u00eddicas \u00e9 fundamental, mas \u00e9 necess\u00e1rio verificar, tamb\u00e9m, se as mesmas est\u00e3o sintonizadas e atentas \u00e0s especificidades da sa\u00fade, de forma a evitar posturas meramente legalistas e burocr\u00e1ticas, em busca de solu\u00e7\u00e3o real para os problemas emergentes.<br \/>\n10. Apoio pedag\u00f3gico qualificado \u00e9 sempre requerido, pois a desprecariza\u00e7\u00e3o gera v\u00ednculos e compromissos, para o que os processos de capacita\u00e7\u00e3o s\u00e3o fundamentais.<br \/>\n11. O monitoramento dos processos com bons sistemas de registro e informa\u00e7\u00e3o deve ser desenvolvido, sem perder de vista a complexidade do objeto e suas caracter\u00edsticas e din\u00e2micas.<br \/>\n12. Nunca \u00e9 demais lembrar: a presente iniciativa tem origem e \u00e9 de responsabilidade do \u00f3rg\u00e3o gestor estadual do SUS, cujo papel continua sendo essencial mesmo nas etapas avan\u00e7adas e de monitoramento da pol\u00edtica.<br \/>\n13. Finalmente, idoneidade e transpar\u00eancia, acima de tudo!<\/p>\n<br \/><ul id='sp-sharer-29' class='sp-sharer sp-sharer-default' data-id='29'><li><span class='share-title'>Share Post<\/span><\/li><li><a id='spsharer-twitter-29' class='spsharer spsharer-twitter' title='Share on Twitter' href='http:\/\/twitter.com\/intent\/tweet?text=Li%C3%A7%C3%B5es+Aprendidas+http%3A%2F%2Fapsredes.org%2Flaboratorio%2Fgestao-trabalho%2Fexperiencia-bahia-acs%2Flicoes-aprendidas%2F' rel='nofollow'><span>Twitter<\/span><\/a><\/li><li><a id='spsharer-facebook-29' class='spsharer spsharer-facebook' title='Share on Facebook' href='https:\/\/www.facebook.com\/sharer.php?u=http%3A%2F%2Fapsredes.org%2Flaboratorio%2Fgestao-trabalho%2Fexperiencia-bahia-acs%2Flicoes-aprendidas%2F&t=Li%C3%A7%C3%B5es+Aprendidas' rel='nofollow'><span>Facebook<\/span><\/a><\/li><li><a id='spsharer-google-29' class='spsharer spsharer-google' title='Share on Google+' href='https:\/\/plus.google.com\/share?url=http%3A%2F%2Fapsredes.org%2Flaboratorio%2Fgestao-trabalho%2Fexperiencia-bahia-acs%2Flicoes-aprendidas%2F' rel='nofollow'><span>Google +1<\/span><\/a><\/li><li><a id='spsharer-mail-29' class='spsharer-email' title='Share by email to a friend' href='http:\/\/apsredes.org\/laboratorio\/gestao-trabalho\/experiencia-bahia-acs\/licoes-aprendidas\/' rel='nofollow'><span>Email<\/span><span class='count'><\/span><\/a><\/li><\/ul>","protected":false},"excerpt":{"rendered":"<p>A experi\u00eancia em quest\u00e3o oferece in\u00fameros ensinamentos, entre os quais est\u00e1 o valor da continuidade, da qualifica\u00e7\u00e3o e da ades\u00e3o das equipes gestoras, com \u00eanfase, tamb\u00e9m, no papel e na import\u00e2ncia de lideran\u00e7as, formalmente constitu\u00eddas ou n\u00e3o.<\/p>\n","protected":false},"author":1,"featured_media":171,"comment_status":"open","ping_status":"open","sticky":false,"template":"","format":"standard","meta":{"_monsterinsights_skip_tracking":false,"_monsterinsights_sitenote_active":false,"_monsterinsights_sitenote_note":"","_monsterinsights_sitenote_category":0},"categories":[8,10],"tags":[],"_links":{"self":[{"href":"http:\/\/apsredes.org\/laboratorio\/gestao-trabalho\/experiencia-bahia-acs\/wp-json\/wp\/v2\/posts\/29"}],"collection":[{"href":"http:\/\/apsredes.org\/laboratorio\/gestao-trabalho\/experiencia-bahia-acs\/wp-json\/wp\/v2\/posts"}],"about":[{"href":"http:\/\/apsredes.org\/laboratorio\/gestao-trabalho\/experiencia-bahia-acs\/wp-json\/wp\/v2\/types\/post"}],"author":[{"embeddable":true,"href":"http:\/\/apsredes.org\/laboratorio\/gestao-trabalho\/experiencia-bahia-acs\/wp-json\/wp\/v2\/users\/1"}],"replies":[{"embeddable":true,"href":"http:\/\/apsredes.org\/laboratorio\/gestao-trabalho\/experiencia-bahia-acs\/wp-json\/wp\/v2\/comments?post=29"}],"version-history":[{"count":0,"href":"http:\/\/apsredes.org\/laboratorio\/gestao-trabalho\/experiencia-bahia-acs\/wp-json\/wp\/v2\/posts\/29\/revisions"}],"wp:featuredmedia":[{"embeddable":true,"href":"http:\/\/apsredes.org\/laboratorio\/gestao-trabalho\/experiencia-bahia-acs\/wp-json\/wp\/v2\/media\/171"}],"wp:attachment":[{"href":"http:\/\/apsredes.org\/laboratorio\/gestao-trabalho\/experiencia-bahia-acs\/wp-json\/wp\/v2\/media?parent=29"}],"wp:term":[{"taxonomy":"category","embeddable":true,"href":"http:\/\/apsredes.org\/laboratorio\/gestao-trabalho\/experiencia-bahia-acs\/wp-json\/wp\/v2\/categories?post=29"},{"taxonomy":"post_tag","embeddable":true,"href":"http:\/\/apsredes.org\/laboratorio\/gestao-trabalho\/experiencia-bahia-acs\/wp-json\/wp\/v2\/tags?post=29"}],"curies":[{"name":"wp","href":"https:\/\/api.w.org\/{rel}","templated":true}]}}